{"id":114,"date":"2012-08-31T05:08:37","date_gmt":"2012-08-31T03:08:37","guid":{"rendered":"http:\/\/www.gemuese-kuerbis-hof.at\/?p=114"},"modified":"2012-09-02T10:39:18","modified_gmt":"2012-09-02T08:39:18","slug":"lieber-bauernmarkt-u-hofladenkunde","status":"publish","type":"post","link":"http:\/\/www.gemuese-kuerbis-hof.at\/?p=114","title":{"rendered":"Lieber Bauernmarkt- u. Hofladenkunde!"},"content":{"rendered":"<p>W\u00f6chentlich erfahren Sie auf unserer neuen Homepage Gem\u00fcsenews.<br \/>\nNeu wird auf unserer Hompage auch der w\u00f6chentliche<strong> Rezepttipp<\/strong> f\u00fcr Saisongem\u00fcse sein.<br \/>\nViel Spa\u00df beim Schm\u00f6kern!<\/p>\n<p>&nbsp;<\/p>\n<p>Ihre Gem\u00fcseb\u00e4uerin<br \/>\nMaria Niedermaier<\/p>\n","protected":false},"excerpt":{"rendered":"<p>W\u00f6chentlich erfahren Sie auf unserer neuen Homepage Gem\u00fcsenews. Neu wird auf unserer Hompage auch der w\u00f6chentliche Rezepttipp f\u00fcr Saisongem\u00fcse sein. Viel Spa\u00df beim Schm\u00f6kern! &nbsp; Ihre Gem\u00fcseb\u00e4uerin Maria Niedermaier<\/p>\n","protected":false},"author":1,"featured_media":0,"comment_status":"open","ping_status":"closed","sticky":false,"template":"","format":"standard","meta":{"footnotes":""},"categories":[1],"tags":[],"_links":{"self":[{"href":"http:\/\/www.gemuese-kuerbis-hof.at\/index.php?rest_route=\/wp\/v2\/posts\/114"}],"collection":[{"href":"http:\/\/www.gemuese-kuerbis-hof.at\/index.php?rest_route=\/wp\/v2\/posts"}],"about":[{"href":"http:\/\/www.gemuese-kuerbis-hof.at\/index.php?rest_route=\/wp\/v2\/types\/post"}],"author":[{"embeddable":true,"href":"http:\/\/www.gemuese-kuerbis-hof.at\/index.php?rest_route=\/wp\/v2\/users\/1"}],"replies":[{"embeddable":true,"href":"http:\/\/www.gemuese-kuerbis-hof.at\/index.php?rest_route=%2Fwp%2Fv2%2Fcomments&post=114"}],"version-history":[{"count":1,"href":"http:\/\/www.gemuese-kuerbis-hof.at\/index.php?rest_route=\/wp\/v2\/posts\/114\/revisions"}],"predecessor-version":[{"id":123,"href":"http:\/\/www.gemuese-kuerbis-hof.at\/index.php?rest_route=\/wp\/v2\/posts\/114\/revisions\/123"}],"wp:attachment":[{"href":"http:\/\/www.gemuese-kuerbis-hof.at\/index.php?rest_route=%2Fwp%2Fv2%2Fmedia&parent=114"}],"wp:term":[{"taxonomy":"category","embeddable":true,"href":"http:\/\/www.gemuese-kuerbis-hof.at\/index.php?rest_route=%2Fwp%2Fv2%2Fcategories&post=114"},{"taxonomy":"post_tag","embeddable":true,"href":"http:\/\/www.gemuese-kuerbis-hof.at\/index.php?rest_route=%2Fwp%2Fv2%2Ftags&post=114"}],"curies":[{"name":"wp","href":"https:\/\/api.w.org\/{rel}","templated":true}]}}