{"id":125,"date":"2012-09-02T10:55:14","date_gmt":"2012-09-02T08:55:14","guid":{"rendered":"http:\/\/www.gemuese-kuerbis-hof.at\/?p=125"},"modified":"2012-09-02T10:55:27","modified_gmt":"2012-09-02T08:55:27","slug":"lieber-bauernmarkt-u-hofladenkunde-2","status":"publish","type":"post","link":"http:\/\/www.gemuese-kuerbis-hof.at\/?p=125","title":{"rendered":"Lieber Bauernmarkt- u. Hofladenkunde!"},"content":{"rendered":"<p>Die Palette an Frischgem\u00fcse wird jetzt auch mit dem so richtig typischen Herbstgem\u00fcse erg\u00e4nzt : K\u00fcrbisse in allen Farben und Formen und den verschiedensten Geschmacksrichtungen.<\/p>\n<p>Wussten Sie, dass es auch einen Spaghettik\u00fcrbis gibt und dessen Fruchtfleisch nach dem Kochen in Nudeln zerf\u00e4llt?<\/p>\n<p>Dieser ist ganz einfach zubereitet:<\/p>\n<p>Spaghettik\u00fcrbis mit Gabel anstechen, in Salzwasser ca. eine Stunde k\u00f6cheln, halbieren, Kerngeh\u00e4use herausschaben, das Fruchtfleisch in der Schale gemischt mit Butter und Kr\u00e4utersalz servieren. Eine k\u00f6stliche Beilage oder mit Suggo als Hauptgericht.<\/p>\n<p>Guten Appetit w\u00fcscht Ihnen<\/p>\n<p>Ihre Gem\u00fcseb\u00e4uerin Maria Niedermaier<\/p>\n","protected":false},"excerpt":{"rendered":"<p>Die Palette an Frischgem\u00fcse wird jetzt auch mit dem so richtig typischen Herbstgem\u00fcse erg\u00e4nzt : K\u00fcrbisse in allen Farben und Formen und den verschiedensten Geschmacksrichtungen. Wussten Sie, dass es auch einen Spaghettik\u00fcrbis gibt und dessen Fruchtfleisch nach dem Kochen in Nudeln zerf\u00e4llt? Dieser ist ganz einfach zubereitet: Spaghettik\u00fcrbis mit Gabel anstechen, in Salzwasser ca. eine [&hellip;]<\/p>\n","protected":false},"author":1,"featured_media":0,"comment_status":"open","ping_status":"closed","sticky":false,"template":"","format":"standard","meta":{"footnotes":""},"categories":[1],"tags":[],"_links":{"self":[{"href":"http:\/\/www.gemuese-kuerbis-hof.at\/index.php?rest_route=\/wp\/v2\/posts\/125"}],"collection":[{"href":"http:\/\/www.gemuese-kuerbis-hof.at\/index.php?rest_route=\/wp\/v2\/posts"}],"about":[{"href":"http:\/\/www.gemuese-kuerbis-hof.at\/index.php?rest_route=\/wp\/v2\/types\/post"}],"author":[{"embeddable":true,"href":"http:\/\/www.gemuese-kuerbis-hof.at\/index.php?rest_route=\/wp\/v2\/users\/1"}],"replies":[{"embeddable":true,"href":"http:\/\/www.gemuese-kuerbis-hof.at\/index.php?rest_route=%2Fwp%2Fv2%2Fcomments&post=125"}],"version-history":[{"count":0,"href":"http:\/\/www.gemuese-kuerbis-hof.at\/index.php?rest_route=\/wp\/v2\/posts\/125\/revisions"}],"wp:attachment":[{"href":"http:\/\/www.gemuese-kuerbis-hof.at\/index.php?rest_route=%2Fwp%2Fv2%2Fmedia&parent=125"}],"wp:term":[{"taxonomy":"category","embeddable":true,"href":"http:\/\/www.gemuese-kuerbis-hof.at\/index.php?rest_route=%2Fwp%2Fv2%2Fcategories&post=125"},{"taxonomy":"post_tag","embeddable":true,"href":"http:\/\/www.gemuese-kuerbis-hof.at\/index.php?rest_route=%2Fwp%2Fv2%2Ftags&post=125"}],"curies":[{"name":"wp","href":"https:\/\/api.w.org\/{rel}","templated":true}]}}