{"id":180,"date":"2012-10-08T07:24:01","date_gmt":"2012-10-08T05:24:01","guid":{"rendered":"http:\/\/www.gemuese-kuerbis-hof.at\/?p=180"},"modified":"2012-10-08T13:18:43","modified_gmt":"2012-10-08T11:18:43","slug":"lieber-gemusehofladen-u-bauernmarktkunde","status":"publish","type":"post","link":"http:\/\/www.gemuese-kuerbis-hof.at\/?p=180","title":{"rendered":"Lieber Gem\u00fcsehofladen-u. Bauernmarktkunde!"},"content":{"rendered":"<p>Letzte Woche hatten wir gro\u00dfen Ernteeinsatz bei den K\u00fcrbiskernen. Wir produzieren ca.3ha \u00d6lk\u00fcrbisse in der Gemeinschaft der Traunstein-Kern\u00f6lbauern, nach den Richtlinien des naturnahen Anbaues. Die reifen K\u00fcrbisse werden am Feld mit einem Pflug in Reihen geschoben, es kommt eine Erntemasche, welche die K\u00fcrbisse aufspie\u00dft, bricht und\u00a0 die Kerne rausnimmt(Siehe Fotogalerie Nr.16-21).\u00a0 Wir hatten heuer zur besseren Befruchtung der K\u00fcrbisse einen Streifen Sonnenblumen ges\u00e4t und dies hatte sich wirklich gelohnt, wir hatten einen Spitzenertrag.<\/p>\n<p>&nbsp;<\/p>\n<p>Die geernteten Kerne kommen in eine Waschanlage, werden anschlie\u00dfend getrocknet , somit sind sie das ganze Jahr lagerf\u00e4hig.<\/p>\n<p>&nbsp;<\/p>\n<p>Je nach Bedarf (ca.4xj\u00e4hrlich) fahren wir in die Steiermarkt zur Pressung der Kerne. Wir entschieden uns f\u00fcr einen Bauern, der seine \u00d6lanlage mit Holz betreibt, da dies ein nachwachsender Rohstoff ist und uns Nachhaltigkeit ein gro\u00dfes Anligen ist.\u00a0 Wir ben\u00f6tigen f\u00fcr einen Liter Kern\u00f6l 2,5kg K\u00fcrbiskerne. Die K\u00fcrbiskerne werden zuerst gemahlen, ger\u00f6stet und anschlie\u00dfend gepresst.<\/p>\n<p>1l Kern\u00f6l kostet im Hofladen 17.&#8211;, mit eigener Flasche 16.&#8211;, 1\/2l 10.-<\/p>\n<p>&nbsp;<\/p>\n<p>Nun m\u00f6chte ich euch noch ein ganz schnelles Kern\u00f6lrezept verraten:<\/p>\n<p>1 Pk Topfen, 1\/2Pk Joghurt, 2EL Kern\u00f6l u. geriebene od.gehackte K\u00fcrbiskerne<\/p>\n<p>verr\u00fchren, m. Sz. u. Pfeffer abschmecken, schmeckt lecker zu Vollkornbrot.<\/p>\n<p>&nbsp;<\/p>\n<p>Gutes Gelingen w\u00fcnscht Ihnen<\/p>\n<p>Ihre Gem\u00fcseb\u00e4uerin<\/p>\n<p>Maria Niedermaier<\/p>\n<p>&nbsp;<\/p>\n","protected":false},"excerpt":{"rendered":"<p>Letzte Woche hatten wir gro\u00dfen Ernteeinsatz bei den K\u00fcrbiskernen. Wir produzieren ca.3ha \u00d6lk\u00fcrbisse in der Gemeinschaft der Traunstein-Kern\u00f6lbauern, nach den Richtlinien des naturnahen Anbaues. Die reifen K\u00fcrbisse werden am Feld mit einem Pflug in Reihen geschoben, es kommt eine Erntemasche, welche die K\u00fcrbisse aufspie\u00dft, bricht und\u00a0 die Kerne rausnimmt(Siehe Fotogalerie Nr.16-21).\u00a0 Wir hatten heuer zur [&hellip;]<\/p>\n","protected":false},"author":1,"featured_media":0,"comment_status":"open","ping_status":"closed","sticky":false,"template":"","format":"standard","meta":{"footnotes":""},"categories":[1],"tags":[],"_links":{"self":[{"href":"http:\/\/www.gemuese-kuerbis-hof.at\/index.php?rest_route=\/wp\/v2\/posts\/180"}],"collection":[{"href":"http:\/\/www.gemuese-kuerbis-hof.at\/index.php?rest_route=\/wp\/v2\/posts"}],"about":[{"href":"http:\/\/www.gemuese-kuerbis-hof.at\/index.php?rest_route=\/wp\/v2\/types\/post"}],"author":[{"embeddable":true,"href":"http:\/\/www.gemuese-kuerbis-hof.at\/index.php?rest_route=\/wp\/v2\/users\/1"}],"replies":[{"embeddable":true,"href":"http:\/\/www.gemuese-kuerbis-hof.at\/index.php?rest_route=%2Fwp%2Fv2%2Fcomments&post=180"}],"version-history":[{"count":1,"href":"http:\/\/www.gemuese-kuerbis-hof.at\/index.php?rest_route=\/wp\/v2\/posts\/180\/revisions"}],"predecessor-version":[{"id":185,"href":"http:\/\/www.gemuese-kuerbis-hof.at\/index.php?rest_route=\/wp\/v2\/posts\/180\/revisions\/185"}],"wp:attachment":[{"href":"http:\/\/www.gemuese-kuerbis-hof.at\/index.php?rest_route=%2Fwp%2Fv2%2Fmedia&parent=180"}],"wp:term":[{"taxonomy":"category","embeddable":true,"href":"http:\/\/www.gemuese-kuerbis-hof.at\/index.php?rest_route=%2Fwp%2Fv2%2Fcategories&post=180"},{"taxonomy":"post_tag","embeddable":true,"href":"http:\/\/www.gemuese-kuerbis-hof.at\/index.php?rest_route=%2Fwp%2Fv2%2Ftags&post=180"}],"curies":[{"name":"wp","href":"https:\/\/api.w.org\/{rel}","templated":true}]}}