{"id":192,"date":"2012-10-22T14:05:47","date_gmt":"2012-10-22T12:05:47","guid":{"rendered":"http:\/\/www.gemuese-kuerbis-hof.at\/?p=192"},"modified":"2012-10-22T14:05:58","modified_gmt":"2012-10-22T12:05:58","slug":"lieber-hofladen-u-bauernmarktkunde","status":"publish","type":"post","link":"http:\/\/www.gemuese-kuerbis-hof.at\/?p=192","title":{"rendered":"Lieber Hofladen-u. Bauernmarktkunde!"},"content":{"rendered":"<p>Letzte Woche waren wir aktiv bei der Ernte s\u00e4mtlicher Kohlsorten.<\/p>\n<p>Kohlgew\u00e4chse sind ein viel geliebtes Allroundgem\u00fcse, egal ob\u00a0 Wirsingkohl, Wei\u00dfkraut, Blaukraut, Karfiol, Romanesco, Brokkoli,\u00a0 Kohlsprossen und Gr\u00fcnkohl, s\u00e4mtliche Sorten werden bei uns auf den Feldern ab A. Juni gepflanzt und stehen jetzt zur Ernte bereit.<\/p>\n<p>&nbsp;<\/p>\n<p>Diese\u00a0 Kohlsorten enthalten sehr viel Vitamin C, E, K, sowie Mineral- u. Ballaststoffe aber auch Fols\u00e4ure. Weiters enth\u00e4lt Kohlgem\u00fcse sehr viel bioaktive Pflanzenstoffe, die die Krebsentstehung hemmen k\u00f6nnen sowie auch Flavenoide, welche uns vor sch\u00e4dlichen Radikalen sch\u00fctzen.<\/p>\n<p>&nbsp;<\/p>\n<p>Wussten Sie eigentlich, dass es bei uns am Hof und auf den M\u00e4rkten auch hausgemachtes Sauerkraut gibt? Unser Sauerkraut schmeckt relativ mild, auch f\u00fcr die Rohkost gedacht.\u00a0 Sauerkraut wirkt durch die Milchs\u00e4ureg\u00e4rung antibiotisch, d.h., es t\u00f6tet sch\u00e4dliche Bakterien im Darm und st\u00e4rkt die Darmflora.<\/p>\n<p>&nbsp;<\/p>\n<p>Ein k\u00f6stliches Krautrezept w\u00e4re der geliebte Krautstrudel:<\/p>\n<p>Strudelteig bereiten, zugedeckt ca.1Std rasten lassen, inzwischen F\u00fclle bereiten: 1EL Butter, 15og kleinw\u00fcrfelig geschn. Speck u. 1oog Zwiebel gelbgold r\u00f6sten, 5oog nudelig geschnittenes Kraut unterr\u00fchren, m. 1\/8l Most(od.Wein)\u00a0 u.1\/8l Gem\u00fcsesuppe aufgie\u00dfen, m.K\u00fcmmel, Sz u. Pfeffer w\u00fcrzen, ca.15min. d\u00fcnsten, kalt stellen.<\/p>\n<p>&nbsp;<\/p>\n<p>Den ausgezogenen Strudelteig auf 2\/3 m. F\u00fclle bestreichen, die Enden einschlagen, von der belegten Seite her einrollen. Auf ein Backblech geben, m. Wasser bestreichen und im vorgeheizten Rohr bei ca.18o\u00b0 ca.35Min. backen.<\/p>\n<p>&nbsp;<\/p>\n<p>Gutes Gelingen w\u00fcnscht Ihnen<\/p>\n<p>Ihre Gem\u00fcseb\u00e4uerin Maria Niedermaier<\/p>\n","protected":false},"excerpt":{"rendered":"<p>Letzte Woche waren wir aktiv bei der Ernte s\u00e4mtlicher Kohlsorten. Kohlgew\u00e4chse sind ein viel geliebtes Allroundgem\u00fcse, egal ob\u00a0 Wirsingkohl, Wei\u00dfkraut, Blaukraut, Karfiol, Romanesco, Brokkoli,\u00a0 Kohlsprossen und Gr\u00fcnkohl, s\u00e4mtliche Sorten werden bei uns auf den Feldern ab A. Juni gepflanzt und stehen jetzt zur Ernte bereit. &nbsp; Diese\u00a0 Kohlsorten enthalten sehr viel Vitamin C, E, K, [&hellip;]<\/p>\n","protected":false},"author":1,"featured_media":0,"comment_status":"open","ping_status":"closed","sticky":false,"template":"","format":"standard","meta":{"footnotes":""},"categories":[1],"tags":[],"_links":{"self":[{"href":"http:\/\/www.gemuese-kuerbis-hof.at\/index.php?rest_route=\/wp\/v2\/posts\/192"}],"collection":[{"href":"http:\/\/www.gemuese-kuerbis-hof.at\/index.php?rest_route=\/wp\/v2\/posts"}],"about":[{"href":"http:\/\/www.gemuese-kuerbis-hof.at\/index.php?rest_route=\/wp\/v2\/types\/post"}],"author":[{"embeddable":true,"href":"http:\/\/www.gemuese-kuerbis-hof.at\/index.php?rest_route=\/wp\/v2\/users\/1"}],"replies":[{"embeddable":true,"href":"http:\/\/www.gemuese-kuerbis-hof.at\/index.php?rest_route=%2Fwp%2Fv2%2Fcomments&post=192"}],"version-history":[{"count":0,"href":"http:\/\/www.gemuese-kuerbis-hof.at\/index.php?rest_route=\/wp\/v2\/posts\/192\/revisions"}],"wp:attachment":[{"href":"http:\/\/www.gemuese-kuerbis-hof.at\/index.php?rest_route=%2Fwp%2Fv2%2Fmedia&parent=192"}],"wp:term":[{"taxonomy":"category","embeddable":true,"href":"http:\/\/www.gemuese-kuerbis-hof.at\/index.php?rest_route=%2Fwp%2Fv2%2Fcategories&post=192"},{"taxonomy":"post_tag","embeddable":true,"href":"http:\/\/www.gemuese-kuerbis-hof.at\/index.php?rest_route=%2Fwp%2Fv2%2Ftags&post=192"}],"curies":[{"name":"wp","href":"https:\/\/api.w.org\/{rel}","templated":true}]}}