{"id":201,"date":"2012-11-08T08:58:44","date_gmt":"2012-11-08T06:58:44","guid":{"rendered":"http:\/\/www.gemuese-kuerbis-hof.at\/?p=201"},"modified":"2012-11-08T08:58:44","modified_gmt":"2012-11-08T06:58:44","slug":"lieber-gemusehofladen-u-bauernmarktkunde-4","status":"publish","type":"post","link":"http:\/\/www.gemuese-kuerbis-hof.at\/?p=201","title":{"rendered":"Lieber Gem\u00fcsehofladen-u. Bauernmarktkunde!"},"content":{"rendered":"<p>Diese Woche kommt mein Beitrag etwas versp\u00e4tet, dennoch m\u00f6chte ich es nicht verabs\u00e4umen, ihnen ein paar Gem\u00fcsenews zu verraten.<\/p>\n<p>Vorige\u00a0 Woche wurden die letzten Tomaten in den Folienh\u00e4usern geerntet und noch einmal Vogerlsalat f\u00fcr die Wintermonate ausges\u00e4t. So k\u00f6nnen Sie auch in der kalten Jahreszeit\u00a0 frisch geerntete Vitamine tanken.<\/p>\n<p>&nbsp;<\/p>\n<p>Die Felder sind gro\u00dfteils abgeerntet- doch gewisse Gem\u00fcsesorten wie z.B.Porree, Wirsingkohl, Kohlsprossen,Gr\u00fcnkohl,&#8230; bleiben den ganzen Winter \u00a0 \u00fcber am Feld stehen und werden nach Bedarf geerntet.<\/p>\n<p>Kohlsprossen, auch Minikohl genannt, sind ein ausgezeichneter VitaminC- u. Kaliumlieferant. Mich pers\u00f6nlich\u00a0 fasziniert so eine Kohlsprossenstaude immer wieder- ein Strunk tr\u00e4gt\u00a0 bis zu 10o Kohlsprossen, und das aus einem Samenkorn(!!), au\u00dferdem finde ich so eine Staude \u00e4u\u00dferst dekorativ.\u00a0 Diese kleinen runden Kugerln sind eine kulinarische K\u00f6stlichkeit zu Wildgerichten, in Suppen, Rahmgem\u00fcse, Eint\u00f6pfen, Aufl\u00e4ufen und zu Nudeln.<\/p>\n<p>Ein Feinschmeckertipp: Ein Spritzer Zitronensaft, ein Schuss Wei\u00dfwein oder knusprig gebratene Speckw\u00fcrferl bringen besonderes Aroma in die Kohlsprssengerichte!!<\/p>\n<p>Leckere Kohlsprossenrezepte finden Sie unter www.gem\u00fcsekiste.at<\/p>\n<p>Gutes\u00a0 Gelingen w\u00fcnscht Ihnen Ihre Gem\u00fcseb\u00e4uerin<\/p>\n<p>Maria Niedermaier<\/p>\n<p>&nbsp;<\/p>\n<p>&nbsp;<\/p>\n<p>&nbsp;<\/p>\n<p>&nbsp;<\/p>\n<p>&nbsp;<\/p>\n","protected":false},"excerpt":{"rendered":"<p>Diese Woche kommt mein Beitrag etwas versp\u00e4tet, dennoch m\u00f6chte ich es nicht verabs\u00e4umen, ihnen ein paar Gem\u00fcsenews zu verraten. Vorige\u00a0 Woche wurden die letzten Tomaten in den Folienh\u00e4usern geerntet und noch einmal Vogerlsalat f\u00fcr die Wintermonate ausges\u00e4t. So k\u00f6nnen Sie auch in der kalten Jahreszeit\u00a0 frisch geerntete Vitamine tanken. &nbsp; Die Felder sind gro\u00dfteils abgeerntet- [&hellip;]<\/p>\n","protected":false},"author":1,"featured_media":0,"comment_status":"open","ping_status":"closed","sticky":false,"template":"","format":"standard","meta":{"footnotes":""},"categories":[1],"tags":[],"_links":{"self":[{"href":"http:\/\/www.gemuese-kuerbis-hof.at\/index.php?rest_route=\/wp\/v2\/posts\/201"}],"collection":[{"href":"http:\/\/www.gemuese-kuerbis-hof.at\/index.php?rest_route=\/wp\/v2\/posts"}],"about":[{"href":"http:\/\/www.gemuese-kuerbis-hof.at\/index.php?rest_route=\/wp\/v2\/types\/post"}],"author":[{"embeddable":true,"href":"http:\/\/www.gemuese-kuerbis-hof.at\/index.php?rest_route=\/wp\/v2\/users\/1"}],"replies":[{"embeddable":true,"href":"http:\/\/www.gemuese-kuerbis-hof.at\/index.php?rest_route=%2Fwp%2Fv2%2Fcomments&post=201"}],"version-history":[{"count":0,"href":"http:\/\/www.gemuese-kuerbis-hof.at\/index.php?rest_route=\/wp\/v2\/posts\/201\/revisions"}],"wp:attachment":[{"href":"http:\/\/www.gemuese-kuerbis-hof.at\/index.php?rest_route=%2Fwp%2Fv2%2Fmedia&parent=201"}],"wp:term":[{"taxonomy":"category","embeddable":true,"href":"http:\/\/www.gemuese-kuerbis-hof.at\/index.php?rest_route=%2Fwp%2Fv2%2Fcategories&post=201"},{"taxonomy":"post_tag","embeddable":true,"href":"http:\/\/www.gemuese-kuerbis-hof.at\/index.php?rest_route=%2Fwp%2Fv2%2Ftags&post=201"}],"curies":[{"name":"wp","href":"https:\/\/api.w.org\/{rel}","templated":true}]}}