{"id":208,"date":"2013-01-08T09:26:25","date_gmt":"2013-01-08T07:26:25","guid":{"rendered":"http:\/\/www.gemuese-kuerbis-hof.at\/?p=208"},"modified":"2013-01-08T09:26:25","modified_gmt":"2013-01-08T07:26:25","slug":"lieber-gemusehofladen-u-bauernmarktkunde-5","status":"publish","type":"post","link":"http:\/\/www.gemuese-kuerbis-hof.at\/?p=208","title":{"rendered":"Lieber Gem\u00fcsehofladen-u. Bauernmarktkunde!"},"content":{"rendered":"<p>Vorweg m\u00f6chte ich mich bei Ihnen f\u00fcr die Kundentreue im Jahr 2o12 bedanken und Ihnen f\u00fcr das Jahr 2o13 viel Freude und Erfolg, aber vor allem Gesundheit w\u00fcnschen.<br \/>\nUnser Gem\u00fcsehofladen ist im J\u00e4nner geschlossen, wir g\u00f6nnen uns eine Pause, falls Sie dennoch in den Genuss von unserem Gem\u00fcse kommen wollen, wir beschicken den Bauernmarkt in Regau w\u00e4hrend dieser Zeit mit unserem Lagergem\u00fcse bzw. mit frisch geschnittenem Feldsalat.<br \/>\nAb 2. Februar haben wir wieder unsere gewohnten \u00d6ffnungszeiten und freuen uns, Sie wieder am Hof begr\u00fc\u00dfen zu d\u00fcrfen. Erw\u00e4hnen m\u00f6chte ich aber auch, dass wir den Bauernmarkt in Schwanenstadt bis Anfang April nicht beschicken, doch haben wir in dieser Zeit zus\u00e4tzlich auch am Samstag vormittags den Hofladen ge\u00f6ffnet.<\/p>\n<p>Ein vitaminreiches Jahr 2o13<br \/>\nw\u00fcnscht Ihnen<br \/>\nIhre Gem\u00fcseb\u00e4uerin<br \/>\nMaria Niedermaier<\/p>\n","protected":false},"excerpt":{"rendered":"<p>Vorweg m\u00f6chte ich mich bei Ihnen f\u00fcr die Kundentreue im Jahr 2o12 bedanken und Ihnen f\u00fcr das Jahr 2o13 viel Freude und Erfolg, aber vor allem Gesundheit w\u00fcnschen. Unser Gem\u00fcsehofladen ist im J\u00e4nner geschlossen, wir g\u00f6nnen uns eine Pause, falls Sie dennoch in den Genuss von unserem Gem\u00fcse kommen wollen, wir beschicken den Bauernmarkt in [&hellip;]<\/p>\n","protected":false},"author":1,"featured_media":0,"comment_status":"open","ping_status":"closed","sticky":false,"template":"","format":"standard","meta":{"footnotes":""},"categories":[1],"tags":[],"_links":{"self":[{"href":"http:\/\/www.gemuese-kuerbis-hof.at\/index.php?rest_route=\/wp\/v2\/posts\/208"}],"collection":[{"href":"http:\/\/www.gemuese-kuerbis-hof.at\/index.php?rest_route=\/wp\/v2\/posts"}],"about":[{"href":"http:\/\/www.gemuese-kuerbis-hof.at\/index.php?rest_route=\/wp\/v2\/types\/post"}],"author":[{"embeddable":true,"href":"http:\/\/www.gemuese-kuerbis-hof.at\/index.php?rest_route=\/wp\/v2\/users\/1"}],"replies":[{"embeddable":true,"href":"http:\/\/www.gemuese-kuerbis-hof.at\/index.php?rest_route=%2Fwp%2Fv2%2Fcomments&post=208"}],"version-history":[{"count":0,"href":"http:\/\/www.gemuese-kuerbis-hof.at\/index.php?rest_route=\/wp\/v2\/posts\/208\/revisions"}],"wp:attachment":[{"href":"http:\/\/www.gemuese-kuerbis-hof.at\/index.php?rest_route=%2Fwp%2Fv2%2Fmedia&parent=208"}],"wp:term":[{"taxonomy":"category","embeddable":true,"href":"http:\/\/www.gemuese-kuerbis-hof.at\/index.php?rest_route=%2Fwp%2Fv2%2Fcategories&post=208"},{"taxonomy":"post_tag","embeddable":true,"href":"http:\/\/www.gemuese-kuerbis-hof.at\/index.php?rest_route=%2Fwp%2Fv2%2Ftags&post=208"}],"curies":[{"name":"wp","href":"https:\/\/api.w.org\/{rel}","templated":true}]}}