{"id":218,"date":"2013-04-09T14:57:02","date_gmt":"2013-04-09T12:57:02","guid":{"rendered":"http:\/\/www.gemuese-kuerbis-hof.at\/?p=218"},"modified":"2013-04-09T14:57:12","modified_gmt":"2013-04-09T12:57:12","slug":"lieber-gemusehofladen-u-bauernkmarktkunde","status":"publish","type":"post","link":"http:\/\/www.gemuese-kuerbis-hof.at\/?p=218","title":{"rendered":"Lieber Gem\u00fcsehofladen-u. Bauernkmarktkunde!"},"content":{"rendered":"<p>Die winterlichen Temperaturen der letzten Wochen lie\u00dfen uns die Felder nicht best\u00fccken, doch diese Woche ist bei uns am Gem\u00fcsehof volles Programm:<\/p>\n<p>Im Freiland werden nun Karotten, Radieschen, Jungzwiebel, Spinat, Pastinak, Petersilie, Dill, Ruccola und Asiasalate ges\u00e4t. Mit Vlies abgedeckt sch\u00fctzt dies zum Einen vor dem Austrocknen &#8211; da die Samen relativ oberfl\u00e4chlich ges\u00e4t werden-, zum Anderen\u00a0 ist dies gleichzeitig ein Schutz vor den Sch\u00e4dlingen, die bei w\u00e4rmeren Temperatur wieder aktiv werden. Die Fr\u00fchkartoffel sind nun endlich auch in der Erde, auch der Steckzwiebel wartet schon zum durchsprie\u00dfen. Da heuer eine reltiv dicke Schneedecke war,\u00a0 blieb unser bereits im Oktober gepflanzte Knoblauch von Erfrierungen verschont und treibt dieser bereits so wie der Schnittlauch ganz stark durch. Auch Rharbarber zeigt schon seine ersten Bl\u00e4tter und Winterporree ist in voller Ernte.<\/p>\n<p>P\u00fcnktlich zum Osterwochenende wurden bei uns in den Folientunnels die ersten Mixsalate geschnitten, seit dieser Woche ist aber auch Kopfsalat, Radieschen und Ruccola in voller Ernte.<\/p>\n<p>Nat\u00fcrlich l\u00e4uft jetzt auch unser Jungpflanzverkauf\u00a0 mit beinahem vollen Programm, lediglich Fruchtgem\u00fcse ist erst ab Ende April erh\u00e4ltlich. Da unser Jungpflanzensortiment mit den verschiedensten Gem\u00fcserarit\u00e4ten sehr umfangreich ist, werden Sie ab der n\u00e4chsten Woche auf unserer Hompage beim \u00f6ffnen der Startseite eine Jungpflanzenliste finden. Im Hofladen sind diese Planzen zu den \u00d6ffnungszeiten verf\u00fcgbar, auf den Bauernm\u00e4rkten ist unser Sortiment aus Platzgr\u00fcnden wesentlich kleiner. Auf Vorbestellung ist es nat\u00fcrlich m\u00f6glich, Sie auch auf den M\u00e4rkten mit unseren hochwertigen Gem\u00fcsepflanzen zu versorgen.<\/p>\n<p>Nun w\u00fcnschen wir uns, dass die Fr\u00fchjahrsstrahlen der Sonne unseren Boden rasch erw\u00e4rmen und\u00a0 Vitamine in H\u00fclle und F\u00fclle gedeihen k\u00f6nnen.<\/p>\n<p>F\u00fcr all jene, denen ein Bauernmarkt- oder Hofladenbesuch nicht m\u00f6glich ist\u00a0und \u00a0doch der Appetit auf frisches Gem\u00fcse nach Saison vom Gem\u00fcsehof Niedermaier\u00a0 kommt ,\u00a0 gibt es eine\u00a0 Hauszustellung der Abo-Gem\u00fcsekiste, Infos unter <a href=\"http:\/\/www.gem\u00fcsekiste.at\">www.gem\u00fcsekiste.at<\/a>&#8211; Saisonstart\u00a0 17.4.2o13<\/p>\n<p>W\u00f6chentlich werde ich Sie nun wieder \u00fcber die News unserers Gem\u00fcsehofes informieren und freue mich gleichzeitig, wenn ich Ihre Interesse, in unserer Hompage zu schm\u00f6kern, wecken kann.<\/p>\n<p>&nbsp;<\/p>\n<p>Fr\u00fchlingshafte vitaminreiche Gr\u00fc\u00dfe von<\/p>\n<p>Ihrer Gem\u00fcseb\u00e4uerin Maria Niedermaier<\/p>\n<p>&nbsp;<\/p>\n<p>&nbsp;<\/p>\n<p>&nbsp;<\/p>\n<p>&nbsp;<\/p>\n<p>&nbsp;<\/p>\n<p>&nbsp;<\/p>\n<p>&nbsp;<\/p>\n<p>&nbsp;<\/p>\n<p>&nbsp;<\/p>\n<p>&nbsp;<\/p>\n","protected":false},"excerpt":{"rendered":"<p>Die winterlichen Temperaturen der letzten Wochen lie\u00dfen uns die Felder nicht best\u00fccken, doch diese Woche ist bei uns am Gem\u00fcsehof volles Programm: Im Freiland werden nun Karotten, Radieschen, Jungzwiebel, Spinat, Pastinak, Petersilie, Dill, Ruccola und Asiasalate ges\u00e4t. Mit Vlies abgedeckt sch\u00fctzt dies zum Einen vor dem Austrocknen &#8211; da die Samen relativ oberfl\u00e4chlich ges\u00e4t werden-, [&hellip;]<\/p>\n","protected":false},"author":1,"featured_media":0,"comment_status":"open","ping_status":"closed","sticky":false,"template":"","format":"standard","meta":{"footnotes":""},"categories":[1],"tags":[],"_links":{"self":[{"href":"http:\/\/www.gemuese-kuerbis-hof.at\/index.php?rest_route=\/wp\/v2\/posts\/218"}],"collection":[{"href":"http:\/\/www.gemuese-kuerbis-hof.at\/index.php?rest_route=\/wp\/v2\/posts"}],"about":[{"href":"http:\/\/www.gemuese-kuerbis-hof.at\/index.php?rest_route=\/wp\/v2\/types\/post"}],"author":[{"embeddable":true,"href":"http:\/\/www.gemuese-kuerbis-hof.at\/index.php?rest_route=\/wp\/v2\/users\/1"}],"replies":[{"embeddable":true,"href":"http:\/\/www.gemuese-kuerbis-hof.at\/index.php?rest_route=%2Fwp%2Fv2%2Fcomments&post=218"}],"version-history":[{"count":0,"href":"http:\/\/www.gemuese-kuerbis-hof.at\/index.php?rest_route=\/wp\/v2\/posts\/218\/revisions"}],"wp:attachment":[{"href":"http:\/\/www.gemuese-kuerbis-hof.at\/index.php?rest_route=%2Fwp%2Fv2%2Fmedia&parent=218"}],"wp:term":[{"taxonomy":"category","embeddable":true,"href":"http:\/\/www.gemuese-kuerbis-hof.at\/index.php?rest_route=%2Fwp%2Fv2%2Fcategories&post=218"},{"taxonomy":"post_tag","embeddable":true,"href":"http:\/\/www.gemuese-kuerbis-hof.at\/index.php?rest_route=%2Fwp%2Fv2%2Ftags&post=218"}],"curies":[{"name":"wp","href":"https:\/\/api.w.org\/{rel}","templated":true}]}}