{"id":224,"date":"2013-04-18T06:35:30","date_gmt":"2013-04-18T04:35:30","guid":{"rendered":"http:\/\/www.gemuese-kuerbis-hof.at\/?p=224"},"modified":"2013-04-18T12:54:07","modified_gmt":"2013-04-18T10:54:07","slug":"lieber-gemusehofladen-u-bauernmarktkunde-6","status":"publish","type":"post","link":"http:\/\/www.gemuese-kuerbis-hof.at\/?p=224","title":{"rendered":"Lieber Gem\u00fcsehofladen u. Bauernmarktkunde!"},"content":{"rendered":"<p>Hochsaison\u00a0\u00a0 am\u00a0 Gem\u00fcsehof!<\/p>\n<p>&nbsp;<\/p>\n<p>Witterungsbedingt\u00a0 w\u00e4chst und gedeiht\u00a0 es bei uns\u00a0 am Gem\u00fcsehof, Gem\u00fcse vom Folientunnel gibt es in H\u00fclle und F\u00fclle, im Freien beginnt es jetzt auch so richtig zu\u00a0sprie\u00dfen. Einen Folientunnel mit Salat und Radieschen haben wir beinahe abgeerntet, so wird es m\u00f6glich sein, n\u00e4chste Woche schon Tomaten und Gurken zu pflanzen, damit Sie rechtzeitig in den Genuss von Fruchtgem\u00fcse kommen.<\/p>\n<p>Damit auch Sie Ihren Garten oder Ihr Hochbeet bepflanzen k\u00f6nnen, haben wir f\u00fcr alle Hobbyg\u00e4rtner eine Jungpflanzenliste in unsere Homepage gestellt. Sie k\u00f6nnen f\u00fcr den Bauernmarkt die Pflanzen per Mail od. tel. bestellen, im Hofladen sind diese zu den \u00d6ffnungszeiten f\u00fcr Sie bereit. Die Jungpflanzenliste bitte einfach auf der Titelseite anklicken\u00a0 und sich von unserer Vielfalt und Qualit\u00e4t unserer Gem\u00fcsepflanzerl \u00fcberzeugen!<\/p>\n<p>Wussten Sie eigentlich, dass Ruccola eine mehrj\u00e4hrige Pflanze ist? Mein Tipp, diesen \u00a0im Garten irgendwo am Rand platzieren, damit\u00a0 dieser im Herbst beim Abr\u00e4umen nicht unter den Spaten ger\u00e4t.<\/p>\n<p>&nbsp;<\/p>\n<p>Ein k\u00f6stliches Ruccolarezept f\u00fcr Sie:<\/p>\n<p>5odag mehlige Kartoffel<\/p>\n<p>2odag griffiges Mehl, Sz., Muskat, 1 Ei<\/p>\n<p>Kartoffelteig bereiten,\u00a0 fingerdicke Rollen formen und ca.1cm lange St\u00fccke abschneiden, im Salzwasser ca.3 min. kochen, bis diese schwimmen.<\/p>\n<p>1\/8l Milch u. 1\/8l Gem\u00fcsesuppe kochen, 2 Bd Ruccola in Streifen geschnitten und 1\/8l Creme fraiche beigeben und mit dem Mixstab p\u00fcrrieren, mit Salz, Pfeffer u. Muskatnuss abschmecken. Die Gnocchi in der Sauce schwenken und sofort servieren.<\/p>\n<p>Tipp:2EL kl.geschnittenen rohen Ruccola in die fertige Sauce geben und das Gericht mit geriebenen K\u00e4se bestreuen, schmeckt fein!!<\/p>\n<p>Passt hervorragend zu Fisch, aber auch als Hauptgericht k\u00f6stlich!!<\/p>\n<p>&nbsp;<\/p>\n<p>Gutes Gelingen w\u00fcnscht Ihnen<\/p>\n<p>Ihre Gem\u00fcseb\u00e4uerin Maria Niedermaier<\/p>\n<p>&nbsp;<\/p>\n","protected":false},"excerpt":{"rendered":"<p>Hochsaison\u00a0\u00a0 am\u00a0 Gem\u00fcsehof! &nbsp; Witterungsbedingt\u00a0 w\u00e4chst und gedeiht\u00a0 es bei uns\u00a0 am Gem\u00fcsehof, Gem\u00fcse vom Folientunnel gibt es in H\u00fclle und F\u00fclle, im Freien beginnt es jetzt auch so richtig zu\u00a0sprie\u00dfen. Einen Folientunnel mit Salat und Radieschen haben wir beinahe abgeerntet, so wird es m\u00f6glich sein, n\u00e4chste Woche schon Tomaten und Gurken zu pflanzen, damit [&hellip;]<\/p>\n","protected":false},"author":1,"featured_media":0,"comment_status":"open","ping_status":"closed","sticky":false,"template":"","format":"standard","meta":{"footnotes":""},"categories":[1],"tags":[],"_links":{"self":[{"href":"http:\/\/www.gemuese-kuerbis-hof.at\/index.php?rest_route=\/wp\/v2\/posts\/224"}],"collection":[{"href":"http:\/\/www.gemuese-kuerbis-hof.at\/index.php?rest_route=\/wp\/v2\/posts"}],"about":[{"href":"http:\/\/www.gemuese-kuerbis-hof.at\/index.php?rest_route=\/wp\/v2\/types\/post"}],"author":[{"embeddable":true,"href":"http:\/\/www.gemuese-kuerbis-hof.at\/index.php?rest_route=\/wp\/v2\/users\/1"}],"replies":[{"embeddable":true,"href":"http:\/\/www.gemuese-kuerbis-hof.at\/index.php?rest_route=%2Fwp%2Fv2%2Fcomments&post=224"}],"version-history":[{"count":1,"href":"http:\/\/www.gemuese-kuerbis-hof.at\/index.php?rest_route=\/wp\/v2\/posts\/224\/revisions"}],"predecessor-version":[{"id":232,"href":"http:\/\/www.gemuese-kuerbis-hof.at\/index.php?rest_route=\/wp\/v2\/posts\/224\/revisions\/232"}],"wp:attachment":[{"href":"http:\/\/www.gemuese-kuerbis-hof.at\/index.php?rest_route=%2Fwp%2Fv2%2Fmedia&parent=224"}],"wp:term":[{"taxonomy":"category","embeddable":true,"href":"http:\/\/www.gemuese-kuerbis-hof.at\/index.php?rest_route=%2Fwp%2Fv2%2Fcategories&post=224"},{"taxonomy":"post_tag","embeddable":true,"href":"http:\/\/www.gemuese-kuerbis-hof.at\/index.php?rest_route=%2Fwp%2Fv2%2Ftags&post=224"}],"curies":[{"name":"wp","href":"https:\/\/api.w.org\/{rel}","templated":true}]}}