{"id":237,"date":"2013-05-06T13:54:51","date_gmt":"2013-05-06T11:54:51","guid":{"rendered":"http:\/\/www.gemuese-kuerbis-hof.at\/?p=237"},"modified":"2013-05-06T13:55:01","modified_gmt":"2013-05-06T11:55:01","slug":"lieber-gemusehofladen-u-bauernmarktkunde-7","status":"publish","type":"post","link":"http:\/\/www.gemuese-kuerbis-hof.at\/?p=237","title":{"rendered":"Lieber Gem\u00fcsehofladen-u.Bauernmarktkunde!"},"content":{"rendered":"<p>Informieren m\u00f6chte ich Sie, dass wir, falls ein Feiertag auf den Donnerstag-Abend-Verkauf im Hofladen f\u00e4llt,\u00a0 automatisch\u00a0 stattdessen am Mi. Abend wie gewohnt von 17-19Uhr ge\u00f6ffnet haben.<\/p>\n<p>&nbsp;<\/p>\n<p>Bei uns am Gem\u00fcsehof w\u00e4chst und gedeiht es in H\u00fclle und F\u00fclle. Neben den verschiedensten Salaten wird nun auch schon Fenchel und Rharbarber, Kohlrabi, Ruccola, Asia-Salate und unserer erster Jungknoblauch geerntet. Ein Folienhaus wurde bereits mit Melanzani, Paprika und Tomaten best\u00fcckt, Gurken werden diese Woche gepflanzt und\u00a0auch Zucchini und Wassermelonen warten am Feld, abgedeckt unter\u00a0Vlies auf\u00a0ein paar warme N\u00e4chte.<\/p>\n<p>Fruchtgem\u00fcse wird bei uns gernerell auf eine Bio-Mulchfolie gepflanzt, einerseits um vor dem Austrockenen\u00a0zu sch\u00fctzen, anderseits\u00a0wird damit diesem\u00a0w\u00e4rmeliebenden Gem\u00fcse ein kuschelig-warmes Pflanzbeet bereitet.\u00a0Biomulchfolie deshalb, da diese im Herbst am Feld verrottet und aber auch aus nachwachsendem Rohstoff(Mais)\u00a0produziert wird.<\/p>\n<p>&nbsp;<\/p>\n<p>Neben dem hofeigenen Gem\u00fcse wird bei uns am Hofladen Biospargel vom Gem\u00fcsehof Berner in Eferding verkauft. Genie\u00dfen Sie die Spargelzeit, ist diese doch relativ kurz!!\u00a0 Spargel- bis vor einigen Jahren noch\u00a0als elit\u00e4res Haubenlokal-Gem\u00fcse gehandelt, hat sich mit dem feinen Geschmack mittlerweile zu einem beliebten Fr\u00fchlingsboten f\u00fcr jedemann entwickelt.<\/p>\n<p>Wussten Sie eigentlich, dass von einer Spargelpflanze man sowohl wei\u00dfen Spargel &#8211; dieser ist unter der Erde und wird gestochen- aber auch Gr\u00fcnspargel- dieser wird oberhalb der Erde und wird geschnitten- ernten kann. Geben Sie beim wei\u00dfen Spargel dem Kochwasser etwas Zitronensaft, Salz, Zucker, 1Tl Butter und 1Zehe Semmel od.Wei\u00dfbrot bei, Garzeit ca. 12-2oMinuten, je nach St\u00e4rke und beim Gr\u00fcnspargel 8-10min, Gr\u00fcnspargel wird im Gegensatz zum Wei\u00dfspargel nur im unteren Drittel gesch\u00e4lt.<\/p>\n<p>Ein ganz schnelles, delikates Spargelgericht sind die bekannten Spargeltaschen:<\/p>\n<p>je 1Stg.Gr\u00fcn u. Wei\u00dfspargel gesch\u00e4lt in Schinken und K\u00e4se wickeln, Bl\u00e4tterteig in Quadrate schneiden, Spargel diagnal legen und links und rechts einschlagen, dass die Spitzen an der Oberseite noch zu sehen sind. Mit Ei bestreichen u. ca.25min bei 170Grad Heissluft backen.<\/p>\n<p>&nbsp;<\/p>\n<p>Gutes Gelingen w\u00fcnscht Ihnen<\/p>\n<p>Ihre Gem\u00fcseb\u00e4uerin Maria Niedermaier<\/p>\n<p>&nbsp;<\/p>\n<p>&nbsp;<\/p>\n<p>&nbsp;<\/p>\n","protected":false},"excerpt":{"rendered":"<p>Informieren m\u00f6chte ich Sie, dass wir, falls ein Feiertag auf den Donnerstag-Abend-Verkauf im Hofladen f\u00e4llt,\u00a0 automatisch\u00a0 stattdessen am Mi. Abend wie gewohnt von 17-19Uhr ge\u00f6ffnet haben. &nbsp; Bei uns am Gem\u00fcsehof w\u00e4chst und gedeiht es in H\u00fclle und F\u00fclle. Neben den verschiedensten Salaten wird nun auch schon Fenchel und Rharbarber, Kohlrabi, Ruccola, Asia-Salate und unserer [&hellip;]<\/p>\n","protected":false},"author":1,"featured_media":0,"comment_status":"open","ping_status":"closed","sticky":false,"template":"","format":"standard","meta":{"footnotes":""},"categories":[1],"tags":[],"_links":{"self":[{"href":"http:\/\/www.gemuese-kuerbis-hof.at\/index.php?rest_route=\/wp\/v2\/posts\/237"}],"collection":[{"href":"http:\/\/www.gemuese-kuerbis-hof.at\/index.php?rest_route=\/wp\/v2\/posts"}],"about":[{"href":"http:\/\/www.gemuese-kuerbis-hof.at\/index.php?rest_route=\/wp\/v2\/types\/post"}],"author":[{"embeddable":true,"href":"http:\/\/www.gemuese-kuerbis-hof.at\/index.php?rest_route=\/wp\/v2\/users\/1"}],"replies":[{"embeddable":true,"href":"http:\/\/www.gemuese-kuerbis-hof.at\/index.php?rest_route=%2Fwp%2Fv2%2Fcomments&post=237"}],"version-history":[{"count":0,"href":"http:\/\/www.gemuese-kuerbis-hof.at\/index.php?rest_route=\/wp\/v2\/posts\/237\/revisions"}],"wp:attachment":[{"href":"http:\/\/www.gemuese-kuerbis-hof.at\/index.php?rest_route=%2Fwp%2Fv2%2Fmedia&parent=237"}],"wp:term":[{"taxonomy":"category","embeddable":true,"href":"http:\/\/www.gemuese-kuerbis-hof.at\/index.php?rest_route=%2Fwp%2Fv2%2Fcategories&post=237"},{"taxonomy":"post_tag","embeddable":true,"href":"http:\/\/www.gemuese-kuerbis-hof.at\/index.php?rest_route=%2Fwp%2Fv2%2Ftags&post=237"}],"curies":[{"name":"wp","href":"https:\/\/api.w.org\/{rel}","templated":true}]}}