{"id":269,"date":"2013-09-02T15:34:25","date_gmt":"2013-09-02T13:34:25","guid":{"rendered":"http:\/\/www.gemuese-kuerbis-hof.at\/?p=269"},"modified":"2013-09-02T15:34:38","modified_gmt":"2013-09-02T13:34:38","slug":"lieber-gemusehofladen-u-bauernmarktkunde-11","status":"publish","type":"post","link":"http:\/\/www.gemuese-kuerbis-hof.at\/?p=269","title":{"rendered":"Lieber Gem\u00fcsehofladen-u. Bauernmarktkunde!"},"content":{"rendered":"<p>Endlich kam der langersehnte Regen und ausschlie\u00dflich alles Gem\u00fcse hatte sich so richtig gefreut dar\u00fcber, war doch die von uns doch sehr zeit-u. kostenintensive Beregnung immer nur so ein Tropfen auf den hei\u00dfen Stein.<\/p>\n<p>&nbsp;<\/p>\n<p>Mit dieser Abk\u00fchlung sp\u00fcrt man nun aber auch schon, der Sommer geht dem Ende zu und die Herbst-bzw.-Erntezeit steht vor der T\u00fcr. Diese Woche bereits beginnen wir mit der Kartoffeleinlagerung, diese werden heuer auf Grund der Trockenheit etwas kleiner ausfallen, doch der Geschmack ist wieder hervorragend. Auch Zwiebel wird bereits f\u00fcr den Winter vom Feld ger\u00e4umt.<\/p>\n<p>Die \u00a0letzten Salats\u00e4tze wurden \u00a0aufs Feld gepflanzt Radieschen, Vogerlsalat, Spinat \u00a0\u00a0und Herbstr\u00fcben wurden ausges\u00e4t, so k\u00f6nnen wir Sie bis zum Winterbeginn mit erntefrischem Feldgem\u00fcse versorgen.<\/p>\n<p>&nbsp;<\/p>\n<p>Die Paprika auf den Feldern beginnen auch schon, sich umzuf\u00e4rben und die Pfefferoni k\u00f6nnen einem so ganz sch\u00f6n ins Schwitzen bringen, wenn ich so an den Habanerotyp denke. Tomaten gibt&#8217;s es noch in H\u00fclle und F\u00fclle, da heuer die Ernte sp\u00e4ter eingesetzt hat. Falls auch Sie im Garten noch Tomaten zum Verarbeiten h\u00e4tten, ein k\u00f6stliches Rezept werde ich Ihnen verraten:<\/p>\n<p>Aromatisches Paradeisersugo<\/p>\n<p>2kg Paradeiser sch\u00e4len(in kochendes Wasser geben, geht&#8217;s leichter), w\u00fcrfelig schneiden, 4EL \u00d6l erhitzen, 25og roten,fein gehackten Zwiebel anschwitzen, mit 4EL Balsamicoessig abl\u00f6schen, Tomaten, 6 Knoblauchzehen, 4Zweige Thymian, 3 Zweige Basilikum, 5 Lorbeerbl\u00e4tter, geriebene Schale einer unbehandelten Orange, 5 Gew\u00fcrznelken, Sz., Pfeffer, Zucker dazugeben,ca. 2omin. bei schwacher Hitze k\u00f6cheln lassen, in hei\u00dfe Gl\u00e4ser f\u00fcllen und ca. 2omin. bei 8o\u00b0 sterilisieren oder portionsweise einfrieren.<\/p>\n<p>&nbsp;<\/p>\n<p>Gutes Gelingen w\u00fcnscht Ihnen<\/p>\n<p>Ihre Gem\u00fcseb\u00e4uerin Maria Niedermaier<\/p>\n","protected":false},"excerpt":{"rendered":"<p>Endlich kam der langersehnte Regen und ausschlie\u00dflich alles Gem\u00fcse hatte sich so richtig gefreut dar\u00fcber, war doch die von uns doch sehr zeit-u. kostenintensive Beregnung immer nur so ein Tropfen auf den hei\u00dfen Stein. &nbsp; Mit dieser Abk\u00fchlung sp\u00fcrt man nun aber auch schon, der Sommer geht dem Ende zu und die Herbst-bzw.-Erntezeit steht vor [&hellip;]<\/p>\n","protected":false},"author":1,"featured_media":0,"comment_status":"open","ping_status":"closed","sticky":false,"template":"","format":"standard","meta":{"footnotes":""},"categories":[1],"tags":[],"_links":{"self":[{"href":"http:\/\/www.gemuese-kuerbis-hof.at\/index.php?rest_route=\/wp\/v2\/posts\/269"}],"collection":[{"href":"http:\/\/www.gemuese-kuerbis-hof.at\/index.php?rest_route=\/wp\/v2\/posts"}],"about":[{"href":"http:\/\/www.gemuese-kuerbis-hof.at\/index.php?rest_route=\/wp\/v2\/types\/post"}],"author":[{"embeddable":true,"href":"http:\/\/www.gemuese-kuerbis-hof.at\/index.php?rest_route=\/wp\/v2\/users\/1"}],"replies":[{"embeddable":true,"href":"http:\/\/www.gemuese-kuerbis-hof.at\/index.php?rest_route=%2Fwp%2Fv2%2Fcomments&post=269"}],"version-history":[{"count":0,"href":"http:\/\/www.gemuese-kuerbis-hof.at\/index.php?rest_route=\/wp\/v2\/posts\/269\/revisions"}],"wp:attachment":[{"href":"http:\/\/www.gemuese-kuerbis-hof.at\/index.php?rest_route=%2Fwp%2Fv2%2Fmedia&parent=269"}],"wp:term":[{"taxonomy":"category","embeddable":true,"href":"http:\/\/www.gemuese-kuerbis-hof.at\/index.php?rest_route=%2Fwp%2Fv2%2Fcategories&post=269"},{"taxonomy":"post_tag","embeddable":true,"href":"http:\/\/www.gemuese-kuerbis-hof.at\/index.php?rest_route=%2Fwp%2Fv2%2Ftags&post=269"}],"curies":[{"name":"wp","href":"https:\/\/api.w.org\/{rel}","templated":true}]}}