{"id":273,"date":"2013-09-15T08:29:57","date_gmt":"2013-09-15T06:29:57","guid":{"rendered":"http:\/\/www.gemuese-kuerbis-hof.at\/?p=273"},"modified":"2013-09-17T10:50:02","modified_gmt":"2013-09-17T08:50:02","slug":"lieber-gemusehofladen-u-bauernmarktkunde-12","status":"publish","type":"post","link":"http:\/\/www.gemuese-kuerbis-hof.at\/?p=273","title":{"rendered":"Lieber Gem\u00fcsehofladen- u.Bauernmarktkunde!"},"content":{"rendered":"<p>V\u00f6llig \u00fcberraschend, doch umso stolzer sind wir, dass unser Betrieb am 12.9. mit dem V\u00f6ckla-Award 2o13 ausgezeichnet wurde.<\/p>\n<p>Es war ein Abend mit Sinn und Stil &#8211; mit ber\u00fchrenden Momenten, einen herzlichen Dank daf\u00fcr dem Veranstalter BTV V\u00f6cklabruck . Der V\u00f6ckla Award wurden in den verschiedensten Bereichen vergeben, z.B. Wirtschaft, Soziales, Sport&#8230;&#8230;<\/p>\n<p>Es wurden 9 Awards \u00fcberreicht, wir erhielten diesen im Bereich Landwirtschaft. Die Patenschaft dieser Auszeichnung wurde vom Pr\u00e4sident des \u00d6.Bauernbundes, Hr.\u00a0Abg.z.NR \u00d6kR Jakob\u00a0Auer \u00fcbernommen\u00a0, stellvertretend f\u00fcr ihn \u00fcberreichte uns Frau Maria Sauer, Direktorin des o\u00f6.Bauernbundes diese edle Statue.<\/p>\n<p>Kommende Woche k\u00f6nnen auch Sie diese Veranstaltung\u00a0im BTV V\u00f6cklabruck miterleben oder im Internet unter <a href=\"http:\/\/www.btv.cc\">www.btv.cc<\/a> abrufen. Auch wir werden demn\u00e4chst Fotos dieser Feierlichkeit auf unsere Homepage stellen.<\/p>\n<p>&nbsp;<\/p>\n<p>Bei uns am Gem\u00fcsehof\u00a0 hat der Herbst Einzug gehalten, f\u00fcr mich sind die ersten Botschafter daf\u00fcr der K\u00fcrbis. K\u00fcrbisse gibt&#8217;s in vielen\u00a0 Geschmacksrichtungen, doch einer meiner Lieblingsk\u00fcrbisse ist der Hokkaido, denn diesen kann ich samt der Schale verwenden und auch zum roh Knabbern eine K\u00f6stlichkeit f\u00fcr zwischendurch.<\/p>\n<p>Ein leckeres K\u00fcrbisrezept f\u00fcr ca.4 Pers.<\/p>\n<p>3odag K\u00fcrbisfleisch reiben u. einsalzen, 2odag Semmelw\u00fcrfel m. Milch anfeuchten(nicht zu viel, da das K\u00fcrbisfleisch auch noch Sasft l\u00e4sst) u. ca. 1\/4 Std. ziehen lassen,\u00a0 2 Eier, 1 goldgelb ger\u00f6steter Zwiebel, K\u00fcrbisfleisch u. 1odag ger. K\u00e4se dazumischen, m. Knoblauch, Majoran, Pfeffer u. Sz w\u00fcrzen, Laibchen formen u. diese in Sesam od. B\u00f6sel w\u00e4lzen u. in \u00d6l herausbacken,<\/p>\n<p>&nbsp;<\/p>\n<p>Dazu passt sehr gut eine Kr\u00e4uterso\u00dfe, Kartoffel u. gr\u00fcner Salat.<\/p>\n<p>&nbsp;<\/p>\n<p>Gutes Gelingen w\u00fcnscht Ihnen<\/p>\n<p>Ihre Gem\u00fcseb\u00e4uerin Maria Niedermaier<\/p>\n<p>&nbsp;<\/p>\n<p>&nbsp;<\/p>\n<p>&nbsp;<\/p>\n","protected":false},"excerpt":{"rendered":"<p>V\u00f6llig \u00fcberraschend, doch umso stolzer sind wir, dass unser Betrieb am 12.9. mit dem V\u00f6ckla-Award 2o13 ausgezeichnet wurde. Es war ein Abend mit Sinn und Stil &#8211; mit ber\u00fchrenden Momenten, einen herzlichen Dank daf\u00fcr dem Veranstalter BTV V\u00f6cklabruck . Der V\u00f6ckla Award wurden in den verschiedensten Bereichen vergeben, z.B. Wirtschaft, Soziales, Sport&#8230;&#8230; Es wurden 9 [&hellip;]<\/p>\n","protected":false},"author":1,"featured_media":0,"comment_status":"open","ping_status":"closed","sticky":false,"template":"","format":"standard","meta":{"footnotes":""},"categories":[1],"tags":[],"_links":{"self":[{"href":"http:\/\/www.gemuese-kuerbis-hof.at\/index.php?rest_route=\/wp\/v2\/posts\/273"}],"collection":[{"href":"http:\/\/www.gemuese-kuerbis-hof.at\/index.php?rest_route=\/wp\/v2\/posts"}],"about":[{"href":"http:\/\/www.gemuese-kuerbis-hof.at\/index.php?rest_route=\/wp\/v2\/types\/post"}],"author":[{"embeddable":true,"href":"http:\/\/www.gemuese-kuerbis-hof.at\/index.php?rest_route=\/wp\/v2\/users\/1"}],"replies":[{"embeddable":true,"href":"http:\/\/www.gemuese-kuerbis-hof.at\/index.php?rest_route=%2Fwp%2Fv2%2Fcomments&post=273"}],"version-history":[{"count":1,"href":"http:\/\/www.gemuese-kuerbis-hof.at\/index.php?rest_route=\/wp\/v2\/posts\/273\/revisions"}],"predecessor-version":[{"id":277,"href":"http:\/\/www.gemuese-kuerbis-hof.at\/index.php?rest_route=\/wp\/v2\/posts\/273\/revisions\/277"}],"wp:attachment":[{"href":"http:\/\/www.gemuese-kuerbis-hof.at\/index.php?rest_route=%2Fwp%2Fv2%2Fmedia&parent=273"}],"wp:term":[{"taxonomy":"category","embeddable":true,"href":"http:\/\/www.gemuese-kuerbis-hof.at\/index.php?rest_route=%2Fwp%2Fv2%2Fcategories&post=273"},{"taxonomy":"post_tag","embeddable":true,"href":"http:\/\/www.gemuese-kuerbis-hof.at\/index.php?rest_route=%2Fwp%2Fv2%2Ftags&post=273"}],"curies":[{"name":"wp","href":"https:\/\/api.w.org\/{rel}","templated":true}]}}