{"id":282,"date":"2013-10-28T18:46:58","date_gmt":"2013-10-28T16:46:58","guid":{"rendered":"http:\/\/www.gemuese-kuerbis-hof.at\/?p=282"},"modified":"2013-10-28T18:47:22","modified_gmt":"2013-10-28T16:47:22","slug":"lieber-gemusehofladen-u-baernmarktkunde","status":"publish","type":"post","link":"http:\/\/www.gemuese-kuerbis-hof.at\/?p=282","title":{"rendered":"Lieber  Gem\u00fcsehofladen-u.Bauernmarktkunde!"},"content":{"rendered":"<p>Auf Grund der fr\u00fchlingshaften Temperaturen k\u00f6nnen wir noch eine Produktpalette in einer Farben-u. Sortenvielfalt bieten, wie wir es um diese Zeit schon lange nicht mehr zur Verf\u00fcgung hatten: junge Radieschen, Tomaten, Gurken, Paprika, s\u00e4mtliche Blatt u. Kohlgem\u00fcsesorten, jungen Vogerlsalat u. Spinat, Fenchel, verschiedene Karotten, Sellerie u. Stangensellerie, Bierrettich u. Porree , Herbstr\u00fcbchen u. Rettich u. vieles mehr!<\/p>\n<p>Nat\u00fcrlich kommt dieses trockene Wetter unserer Erntesaison zugute, so k\u00f6nnen wir t\u00e4glich unsere K\u00fchlr\u00e4ume mit Wurzel-u.Kohlgem\u00fcse best\u00fccken, damit wir Sie auch mit Winterfitgem\u00fcse \u00fcber die kalte Jahreszeit hinweg versorgen k\u00f6nnen.<\/p>\n<p>&nbsp;<\/p>\n<p>&nbsp;<\/p>\n<p>Nat\u00fcrlich schmeckt unser frisches Sauerkraut heuer wieder vorz\u00fcglich!<\/p>\n<p>&nbsp;<\/p>\n<p>&nbsp;<\/p>\n<p>Da es jetzt auch noch Karfiol u. Brokkoli in H\u00fclle u.- F\u00fclle gibt, m\u00f6chte ich Ihnen ein leckeres Karfiolrezept verraten:<\/p>\n<p>&nbsp;<\/p>\n<p>Karfiollaibchen:<\/p>\n<p>&nbsp;<\/p>\n<p>1 Karfiol in R\u00f6schen teilen u. in Salzwasser weichkochen, abtropfen lassen und zerdr\u00fccken.<\/p>\n<p>Einen Abtrieb aus 1EL Butter, 1 Ei, 3EL Grie\u00df, S., Pfeffer und ein wenig Petersiliengr\u00fcn machen und diese zerdr\u00fcckte Karfiolmasse dazumixen, ca.1\/2Std.ziehen lassen, Laibchen formen in Br\u00f6sel walzen und in Fett goldgelb backen (eine geriebene Karotte in die Masse einger\u00fchrt schaut bunt aus!)<\/p>\n<p>Mit einem Sauerrahmdip u. Kartoffel serviert eine k\u00f6stliche Mahlzeit.<\/p>\n<p>&nbsp;<\/p>\n<p>Gutes Gelingen w\u00fcnscht<\/p>\n<p>Ihre Gem\u00fcseb\u00e4uerin Maria Niedermaier<\/p>\n","protected":false},"excerpt":{"rendered":"<p>Auf Grund der fr\u00fchlingshaften Temperaturen k\u00f6nnen wir noch eine Produktpalette in einer Farben-u. Sortenvielfalt bieten, wie wir es um diese Zeit schon lange nicht mehr zur Verf\u00fcgung hatten: junge Radieschen, Tomaten, Gurken, Paprika, s\u00e4mtliche Blatt u. Kohlgem\u00fcsesorten, jungen Vogerlsalat u. Spinat, Fenchel, verschiedene Karotten, Sellerie u. Stangensellerie, Bierrettich u. Porree , Herbstr\u00fcbchen u. Rettich u. [&hellip;]<\/p>\n","protected":false},"author":1,"featured_media":0,"comment_status":"open","ping_status":"closed","sticky":false,"template":"","format":"standard","meta":{"footnotes":""},"categories":[1],"tags":[],"_links":{"self":[{"href":"http:\/\/www.gemuese-kuerbis-hof.at\/index.php?rest_route=\/wp\/v2\/posts\/282"}],"collection":[{"href":"http:\/\/www.gemuese-kuerbis-hof.at\/index.php?rest_route=\/wp\/v2\/posts"}],"about":[{"href":"http:\/\/www.gemuese-kuerbis-hof.at\/index.php?rest_route=\/wp\/v2\/types\/post"}],"author":[{"embeddable":true,"href":"http:\/\/www.gemuese-kuerbis-hof.at\/index.php?rest_route=\/wp\/v2\/users\/1"}],"replies":[{"embeddable":true,"href":"http:\/\/www.gemuese-kuerbis-hof.at\/index.php?rest_route=%2Fwp%2Fv2%2Fcomments&post=282"}],"version-history":[{"count":0,"href":"http:\/\/www.gemuese-kuerbis-hof.at\/index.php?rest_route=\/wp\/v2\/posts\/282\/revisions"}],"wp:attachment":[{"href":"http:\/\/www.gemuese-kuerbis-hof.at\/index.php?rest_route=%2Fwp%2Fv2%2Fmedia&parent=282"}],"wp:term":[{"taxonomy":"category","embeddable":true,"href":"http:\/\/www.gemuese-kuerbis-hof.at\/index.php?rest_route=%2Fwp%2Fv2%2Fcategories&post=282"},{"taxonomy":"post_tag","embeddable":true,"href":"http:\/\/www.gemuese-kuerbis-hof.at\/index.php?rest_route=%2Fwp%2Fv2%2Ftags&post=282"}],"curies":[{"name":"wp","href":"https:\/\/api.w.org\/{rel}","templated":true}]}}