{"id":288,"date":"2013-12-19T08:39:31","date_gmt":"2013-12-19T06:39:31","guid":{"rendered":"http:\/\/www.gemuese-kuerbis-hof.at\/?p=288"},"modified":"2013-12-19T08:39:48","modified_gmt":"2013-12-19T06:39:48","slug":"lieber-gemusehofladen-u-bauernmarktkunde-13","status":"publish","type":"post","link":"http:\/\/www.gemuese-kuerbis-hof.at\/?p=288","title":{"rendered":"Lieber Gem\u00fcsehofladen-u.-Bauernmarktkunde!"},"content":{"rendered":"<p>Nun hat auch der Winter Einzug gehalten, die Felder wurden abgeerntet, lediglich Kohlsprossen, Wirsingkohl und Vogerlsalat werden nach Bedarf geerntet, denn diese\u00a0absolut winterharten Gem\u00fcsesorten\u00a0 sind ein ganz wichtiger Vitamin-C-Lieferant\u00a0 in den Wintermonaten. Nun erfolgt bereits die Anbauplanung f\u00fcr die kommende Saison, das Saatgut muss geordert werden, aber auch\u00a0 Kurse im Bereich naturnaher Produktion werden besucht. Dennoch ganz wichtig ist f\u00fcr uns auch, in den Wintermonaten mal auszuspannen und auftanken f\u00fcr das kommende Gem\u00fcsejahr. Deshalb halten wir den ganzen J\u00e4nner den Hofladen geschlossen, ab 3. Februar ist dieser wieder zu folgenden \u00d6ffnungszeiten f\u00fcr Sie verf\u00fcgbar:<\/p>\n<p>Mo., Di. Fr. 9-13Uhr, Do. 17-19Uhr und in den Wintermonaten bis E. M\u00e4rz auch samstags v.9-12Uhr<\/p>\n<p><strong>Di.24 u. 31.12 ist unser Hofladen geschlossen.<\/strong><\/p>\n<p>Wir danken f\u00fcr Ihre Kundentreue, w\u00fcnschen ein recht frohes gesegnetes Weihnachtsfest und ein recht vitaminreiches Jahr 2014!<\/p>\n<p>&nbsp;<\/p>\n<p>Ihre Gem\u00fcseb\u00e4uerin<\/p>\n<p>Maria Niedermaier<\/p>\n<p>&nbsp;<\/p>\n<p>&nbsp;<\/p>\n<p>Falls Ihnen die Rezeptideen f\u00fcr Wintergem\u00fcse ausgehen, ein\u00a0 hei\u00dfer Tipp:<\/p>\n<p><a href=\"http:\/\/www.gemuesekiste.at\">www.gemuesekiste.at<\/a> unter Rubrik Rezepte k\u00f6nnen Sie s\u00e4mtliche Gem\u00fcsesorten anklicken und sie erhalten ganz viele k\u00f6stlich erprobte Rezepte!<\/p>\n<p>&nbsp;<\/p>\n<p>&nbsp;<\/p>\n","protected":false},"excerpt":{"rendered":"<p>Nun hat auch der Winter Einzug gehalten, die Felder wurden abgeerntet, lediglich Kohlsprossen, Wirsingkohl und Vogerlsalat werden nach Bedarf geerntet, denn diese\u00a0absolut winterharten Gem\u00fcsesorten\u00a0 sind ein ganz wichtiger Vitamin-C-Lieferant\u00a0 in den Wintermonaten. Nun erfolgt bereits die Anbauplanung f\u00fcr die kommende Saison, das Saatgut muss geordert werden, aber auch\u00a0 Kurse im Bereich naturnaher Produktion werden besucht. [&hellip;]<\/p>\n","protected":false},"author":1,"featured_media":0,"comment_status":"open","ping_status":"closed","sticky":false,"template":"","format":"standard","meta":{"footnotes":""},"categories":[1],"tags":[],"_links":{"self":[{"href":"http:\/\/www.gemuese-kuerbis-hof.at\/index.php?rest_route=\/wp\/v2\/posts\/288"}],"collection":[{"href":"http:\/\/www.gemuese-kuerbis-hof.at\/index.php?rest_route=\/wp\/v2\/posts"}],"about":[{"href":"http:\/\/www.gemuese-kuerbis-hof.at\/index.php?rest_route=\/wp\/v2\/types\/post"}],"author":[{"embeddable":true,"href":"http:\/\/www.gemuese-kuerbis-hof.at\/index.php?rest_route=\/wp\/v2\/users\/1"}],"replies":[{"embeddable":true,"href":"http:\/\/www.gemuese-kuerbis-hof.at\/index.php?rest_route=%2Fwp%2Fv2%2Fcomments&post=288"}],"version-history":[{"count":0,"href":"http:\/\/www.gemuese-kuerbis-hof.at\/index.php?rest_route=\/wp\/v2\/posts\/288\/revisions"}],"wp:attachment":[{"href":"http:\/\/www.gemuese-kuerbis-hof.at\/index.php?rest_route=%2Fwp%2Fv2%2Fmedia&parent=288"}],"wp:term":[{"taxonomy":"category","embeddable":true,"href":"http:\/\/www.gemuese-kuerbis-hof.at\/index.php?rest_route=%2Fwp%2Fv2%2Fcategories&post=288"},{"taxonomy":"post_tag","embeddable":true,"href":"http:\/\/www.gemuese-kuerbis-hof.at\/index.php?rest_route=%2Fwp%2Fv2%2Ftags&post=288"}],"curies":[{"name":"wp","href":"https:\/\/api.w.org\/{rel}","templated":true}]}}