{"id":293,"date":"2014-03-20T21:08:37","date_gmt":"2014-03-20T19:08:37","guid":{"rendered":"http:\/\/www.gemuese-kuerbis-hof.at\/?p=293"},"modified":"2014-03-20T21:08:37","modified_gmt":"2014-03-20T19:08:37","slug":"293","status":"publish","type":"post","link":"http:\/\/www.gemuese-kuerbis-hof.at\/?p=293","title":{"rendered":""},"content":{"rendered":"<p>Lieber Gem\u00fcsehofladen- u. Bauernmarktkunde!<\/p>\n<p>&nbsp;<\/p>\n<p>Diese herrlichen Fr\u00fchlingstemperaturen lassen unser Gem\u00fcse so richtig \u00fcppig wachsen, so gibt es bei uns schon jede Menge Asiasalat, Vogerlsalat, Portulak aber auch schon Jungkarotten. Diese Jungkarotten hatten heuer erstmalig am Feld \u00fcberwintert und werden jetzt satzweise geerntet.<\/p>\n<p>&nbsp;<\/p>\n<p>Unsere Felder sind schon reichlich mit Fr\u00fchlingsgem\u00fcse best\u00fcckt: Es wurden Radieschen u. Zwiebel ges\u00e4t, Fr\u00fchkartoffel gepflanzt, Spinat angebaut, s\u00e4mtliche Salate u. Kohlgem\u00fcsesorten gepflanzt. Dieses Gem\u00fcse wurde mit einem Vlies abgedeckt, um einerseits ein Austrocknen zu verhindern aber auch als K\u00e4lteschutz f\u00fcr die Nacht.<\/p>\n<p>Wir bieten bereits eine Vielfalt an Gem\u00fcsepflanzen im Hofladen und auf den Bauernm\u00e4rkten an.<\/p>\n<p>Den Bauernmarkt in Schwanenstadt werden wir ab dem 1. Aprilwochenende wieder beliefern, deshalb haben wir am Sa.22. u. Sa.29. M\u00e4rz den Hofladen in Schlatt noch ge\u00f6ffnet.<\/p>\n<p>Unsere Kopfsalaternte wird vorraussichtlich Ende M\u00e4rz beginnen, weiters auch die Mixsalate u. Spinat.<\/p>\n<p>Nun k\u00f6nnen Sie wieder regelm\u00e4\u00dfig in meinen Gem\u00fcsenews schm\u00f6kern,\u00a0 ich werde Sie mit Infos vom Gem\u00fcsehof am laufenden halten.<\/p>\n<p>Ein erfolgreiche Gem\u00fcsesaison f\u00fcr Ihren Hausgarten w\u00fcnscht Ihnen<\/p>\n<p>Ihre Gem\u00fcseb\u00e4uerin<\/p>\n<p>Maria Niedermaier<\/p>\n<p>&nbsp;<\/p>\n<p>&nbsp;<\/p>\n<p>&nbsp;<\/p>\n<p>&nbsp;<\/p>\n","protected":false},"excerpt":{"rendered":"<p>Lieber Gem\u00fcsehofladen- u. Bauernmarktkunde! &nbsp; Diese herrlichen Fr\u00fchlingstemperaturen lassen unser Gem\u00fcse so richtig \u00fcppig wachsen, so gibt es bei uns schon jede Menge Asiasalat, Vogerlsalat, Portulak aber auch schon Jungkarotten. Diese Jungkarotten hatten heuer erstmalig am Feld \u00fcberwintert und werden jetzt satzweise geerntet. &nbsp; Unsere Felder sind schon reichlich mit Fr\u00fchlingsgem\u00fcse best\u00fcckt: Es wurden Radieschen [&hellip;]<\/p>\n","protected":false},"author":1,"featured_media":0,"comment_status":"open","ping_status":"closed","sticky":false,"template":"","format":"standard","meta":{"footnotes":""},"categories":[1],"tags":[],"_links":{"self":[{"href":"http:\/\/www.gemuese-kuerbis-hof.at\/index.php?rest_route=\/wp\/v2\/posts\/293"}],"collection":[{"href":"http:\/\/www.gemuese-kuerbis-hof.at\/index.php?rest_route=\/wp\/v2\/posts"}],"about":[{"href":"http:\/\/www.gemuese-kuerbis-hof.at\/index.php?rest_route=\/wp\/v2\/types\/post"}],"author":[{"embeddable":true,"href":"http:\/\/www.gemuese-kuerbis-hof.at\/index.php?rest_route=\/wp\/v2\/users\/1"}],"replies":[{"embeddable":true,"href":"http:\/\/www.gemuese-kuerbis-hof.at\/index.php?rest_route=%2Fwp%2Fv2%2Fcomments&post=293"}],"version-history":[{"count":0,"href":"http:\/\/www.gemuese-kuerbis-hof.at\/index.php?rest_route=\/wp\/v2\/posts\/293\/revisions"}],"wp:attachment":[{"href":"http:\/\/www.gemuese-kuerbis-hof.at\/index.php?rest_route=%2Fwp%2Fv2%2Fmedia&parent=293"}],"wp:term":[{"taxonomy":"category","embeddable":true,"href":"http:\/\/www.gemuese-kuerbis-hof.at\/index.php?rest_route=%2Fwp%2Fv2%2Fcategories&post=293"},{"taxonomy":"post_tag","embeddable":true,"href":"http:\/\/www.gemuese-kuerbis-hof.at\/index.php?rest_route=%2Fwp%2Fv2%2Ftags&post=293"}],"curies":[{"name":"wp","href":"https:\/\/api.w.org\/{rel}","templated":true}]}}