{"id":296,"date":"2015-07-26T10:57:42","date_gmt":"2015-07-26T08:57:42","guid":{"rendered":"http:\/\/www.gemuese-kuerbis-hof.at\/?p=296"},"modified":"2015-07-26T10:57:42","modified_gmt":"2015-07-26T08:57:42","slug":"296","status":"publish","type":"post","link":"http:\/\/www.gemuese-kuerbis-hof.at\/?p=296","title":{"rendered":""},"content":{"rendered":"<p>Lieber Gem\u00fcsehofladenkunde!<\/p>\n<p>&nbsp;<\/p>\n<p>Die anhaltenden sommerlichen Temperaturen lassen unser Fruchtgem\u00fcse wie Tomaten, Gurken, Paprika u. Melanzani so richtig in H\u00fclle u. F\u00fclle reifen. Diese Fruchtgem\u00fcsesorten wachsen bei uns in den 3 Folientunnels auf einer Fl\u00e4che von ca. 18oom2. Die Trockenheit ist nat\u00fcrlich im gesch\u00fctzten Bereich kein Problem, denn es ist in jeder Pflanzreihe ein Bew\u00e4sserungsschlauch verlegt und bei jeder Pflanze eine Tropfstelle vorgesehen, welche t\u00e4glich pro Pflanze ca. 2-3l Wasser je nach Dosierung durchl\u00e4sst.<\/p>\n<p>Tomaten\u00a0&#8211; erwiesen als das Lieblingsgem\u00fcse des \u00d6sterreichers &#8211; sind bei uns in den verschiedensten Farben und Formen verf\u00fcgbar, ob\u00a0 Kirsch-, Eier-, Herz- od. Fleischtomten sind alle \u00a0eine Gaumenfreude in den unterschiedlichen Geschmacksrichtungen.<\/p>\n<p>Paprika beginnen nun auch schon bunt abzureifen, denn es ist vielen unbekannt, dass ein Paprika niemals auf Anhieb rot oder Gelb auf der Staude h\u00e4ngt sondern immer zuerst gr\u00fcn und nach der Reifephase(ca. 4Wochen) in seine bunte Fruchtfarbe sich umf\u00e4rbt. Diese Paprika sind nat\u00fcrlich wesentlich bek\u00f6mmlicher, schmecken leicht s\u00fcss und lassen den leicht bitteren Geschmack des gr\u00fcnen Paprika verschwinden.<\/p>\n<p>Melanzani &#8211; ein Nachtschattengew\u00e4chs wie Tomaten- sind f\u00fcr so manche ein immer noch exotisches Gem\u00fcse, doch f\u00fcr mich hat diese Frucht in der schnellen K\u00fcche einen ganz besonderen Stellenwert:<\/p>\n<p>Melanzani ungesch\u00e4lt in 1cm dicke Scheiben schneiden, mit Kr\u00e4utersalz w\u00fcrzen, in ganz hei\u00dfem Oliven\u00f6l beidseitig ganz kurz anbraten, auf jedes St\u00fcck eine Scheibe Mozarella legen, kurz schmoren lassen bis Mozarella zerschmolzen ist, mit frischen Kartoffeln ist dies eine k\u00f6stlich schnelle K\u00fcche. Genauso k\u00f6nnen Sie aber auch die Melanzanischeiben f\u00fcllen mit Schinken u. K\u00e4se und daraus falsche Cordon zubereiten,\u00a0 schnell u. lecker!!<\/p>\n<p>Ich w\u00fcnsche Ihnen gutes Gelingen ,<\/p>\n<p>genie\u00dfen Sie die herrlichen Sommertage und\u00a0 Abende mit Grillgem\u00fcse u. Salaten!!<\/p>\n<p>&nbsp;<\/p>\n<p>Ihre Gem\u00fcseb\u00e4uerin<\/p>\n<p>Maria Niedermaier<\/p>\n<p>&nbsp;<\/p>\n<p>&nbsp;<\/p>\n","protected":false},"excerpt":{"rendered":"<p>Lieber Gem\u00fcsehofladenkunde! &nbsp; Die anhaltenden sommerlichen Temperaturen lassen unser Fruchtgem\u00fcse wie Tomaten, Gurken, Paprika u. Melanzani so richtig in H\u00fclle u. F\u00fclle reifen. Diese Fruchtgem\u00fcsesorten wachsen bei uns in den 3 Folientunnels auf einer Fl\u00e4che von ca. 18oom2. Die Trockenheit ist nat\u00fcrlich im gesch\u00fctzten Bereich kein Problem, denn es ist in jeder Pflanzreihe ein Bew\u00e4sserungsschlauch [&hellip;]<\/p>\n","protected":false},"author":1,"featured_media":0,"comment_status":"open","ping_status":"closed","sticky":false,"template":"","format":"standard","meta":{"footnotes":""},"categories":[1],"tags":[],"_links":{"self":[{"href":"http:\/\/www.gemuese-kuerbis-hof.at\/index.php?rest_route=\/wp\/v2\/posts\/296"}],"collection":[{"href":"http:\/\/www.gemuese-kuerbis-hof.at\/index.php?rest_route=\/wp\/v2\/posts"}],"about":[{"href":"http:\/\/www.gemuese-kuerbis-hof.at\/index.php?rest_route=\/wp\/v2\/types\/post"}],"author":[{"embeddable":true,"href":"http:\/\/www.gemuese-kuerbis-hof.at\/index.php?rest_route=\/wp\/v2\/users\/1"}],"replies":[{"embeddable":true,"href":"http:\/\/www.gemuese-kuerbis-hof.at\/index.php?rest_route=%2Fwp%2Fv2%2Fcomments&post=296"}],"version-history":[{"count":0,"href":"http:\/\/www.gemuese-kuerbis-hof.at\/index.php?rest_route=\/wp\/v2\/posts\/296\/revisions"}],"wp:attachment":[{"href":"http:\/\/www.gemuese-kuerbis-hof.at\/index.php?rest_route=%2Fwp%2Fv2%2Fmedia&parent=296"}],"wp:term":[{"taxonomy":"category","embeddable":true,"href":"http:\/\/www.gemuese-kuerbis-hof.at\/index.php?rest_route=%2Fwp%2Fv2%2Fcategories&post=296"},{"taxonomy":"post_tag","embeddable":true,"href":"http:\/\/www.gemuese-kuerbis-hof.at\/index.php?rest_route=%2Fwp%2Fv2%2Ftags&post=296"}],"curies":[{"name":"wp","href":"https:\/\/api.w.org\/{rel}","templated":true}]}}