{"id":299,"date":"2015-10-04T15:21:28","date_gmt":"2015-10-04T13:21:28","guid":{"rendered":"http:\/\/www.gemuese-kuerbis-hof.at\/?p=299"},"modified":"2015-10-04T15:21:28","modified_gmt":"2015-10-04T13:21:28","slug":"liebe-bauernmarkt-u-gemusehofladenkunden","status":"publish","type":"post","link":"http:\/\/www.gemuese-kuerbis-hof.at\/?p=299","title":{"rendered":"Liebe Bauernmarkt- u. Gem\u00fcsehofladenkunden!"},"content":{"rendered":"<p>Haben Sie schon von der Veranstaltung &#8222;Genuss Spechtln &#8220; geh\u00f6rt oder gelesen ?<\/p>\n<p>Genauere Infos erhalten Sie vom Genussspechtfolder, welchen Sie auf unser Hompage-Titelseite abrufen k\u00f6nnen oder sie klicken einfach <a href=\"http:\/\/www.genussspechtln.at\">www.genussspechtln.at<\/a><\/p>\n<p>Wie Sie daraus entnehmen k\u00f6nnen, m\u00f6chten wir unser Jubil\u00e4um 10 Jahre Gem\u00fcsehofladen Niedermaier bei dieser Veranstaltung feiern und Ihnen gleichzeitig mit einem kleinen Give-Away f\u00fcr Ihre Kundentreue danken. Viele von Ihnen waren auch bei unserer Er\u00f6ffnungsfeier und den K\u00fcrbisfesten dabei. Gewiss k\u00f6nnen Sie sich noch an talentierten Harfenspieler Jona Pesendorfer erinnern. Ich freue mich riesig,\u00a0dass dieser \u00a0K\u00fcnstler &#8211; inzwischen international bekannt als Komponist und Harfist- bei uns im Innenhof von 13-16 Uhr f\u00fcr einen ganz besonderen H\u00f6rgenuss sorgt.<\/p>\n<p>Ernst Maier,\u00a0ein \u00fcber die Grenzen bekannter Wildholztischler aus unserer Gemeinde wird\u00a0mit seinen Kunstwerken aus Natur- PUR uns beeindrucken .<\/p>\n<p>Detaillierte Informationen erfahren Sie im Folder, wir freuen uns, Sie bei dieser Veranstaltung begr\u00fc\u00dfen zu d\u00fcrfen.<\/p>\n<p>&nbsp;<\/p>\n<p>Familie Niedermaier mit Team<\/p>\n<p>&nbsp;<\/p>\n<p>&nbsp;<\/p>\n<p>&nbsp;<\/p>\n","protected":false},"excerpt":{"rendered":"<p>Haben Sie schon von der Veranstaltung &#8222;Genuss Spechtln &#8220; geh\u00f6rt oder gelesen ? Genauere Infos erhalten Sie vom Genussspechtfolder, welchen Sie auf unser Hompage-Titelseite abrufen k\u00f6nnen oder sie klicken einfach www.genussspechtln.at Wie Sie daraus entnehmen k\u00f6nnen, m\u00f6chten wir unser Jubil\u00e4um 10 Jahre Gem\u00fcsehofladen Niedermaier bei dieser Veranstaltung feiern und Ihnen gleichzeitig mit einem kleinen Give-Away [&hellip;]<\/p>\n","protected":false},"author":1,"featured_media":0,"comment_status":"open","ping_status":"closed","sticky":false,"template":"","format":"standard","meta":{"footnotes":""},"categories":[1],"tags":[],"_links":{"self":[{"href":"http:\/\/www.gemuese-kuerbis-hof.at\/index.php?rest_route=\/wp\/v2\/posts\/299"}],"collection":[{"href":"http:\/\/www.gemuese-kuerbis-hof.at\/index.php?rest_route=\/wp\/v2\/posts"}],"about":[{"href":"http:\/\/www.gemuese-kuerbis-hof.at\/index.php?rest_route=\/wp\/v2\/types\/post"}],"author":[{"embeddable":true,"href":"http:\/\/www.gemuese-kuerbis-hof.at\/index.php?rest_route=\/wp\/v2\/users\/1"}],"replies":[{"embeddable":true,"href":"http:\/\/www.gemuese-kuerbis-hof.at\/index.php?rest_route=%2Fwp%2Fv2%2Fcomments&post=299"}],"version-history":[{"count":0,"href":"http:\/\/www.gemuese-kuerbis-hof.at\/index.php?rest_route=\/wp\/v2\/posts\/299\/revisions"}],"wp:attachment":[{"href":"http:\/\/www.gemuese-kuerbis-hof.at\/index.php?rest_route=%2Fwp%2Fv2%2Fmedia&parent=299"}],"wp:term":[{"taxonomy":"category","embeddable":true,"href":"http:\/\/www.gemuese-kuerbis-hof.at\/index.php?rest_route=%2Fwp%2Fv2%2Fcategories&post=299"},{"taxonomy":"post_tag","embeddable":true,"href":"http:\/\/www.gemuese-kuerbis-hof.at\/index.php?rest_route=%2Fwp%2Fv2%2Ftags&post=299"}],"curies":[{"name":"wp","href":"https:\/\/api.w.org\/{rel}","templated":true}]}}