{"id":315,"date":"2015-10-18T14:21:49","date_gmt":"2015-10-18T12:21:49","guid":{"rendered":"http:\/\/www.gemuese-kuerbis-hof.at\/?p=315"},"modified":"2015-10-18T14:35:35","modified_gmt":"2015-10-18T12:35:35","slug":"liebe-gemusehofladen-und-bauernmarktkunden-liebe-genussspechtler","status":"publish","type":"post","link":"http:\/\/www.gemuese-kuerbis-hof.at\/?p=315","title":{"rendered":"Liebe Gem\u00fcsehofladen-und Bauernmarktkunden! Liebe Genussspechtler!"},"content":{"rendered":"<p>Das letzte Rennen der Vorbereitungszeit f\u00fcr unser schon ober\u00f6sterreichweit bekanntes GenussSpechtln!<\/p>\n<p>Sicher haben Sie schon die Beitr\u00e4ge in der Kronenzeitung bzw. Bezirksrundschau gelesen, n\u00e4chste Woche l\u00e4uft die Werbekampagne mit dem ORf\u00a0 t\u00e4glich als kurze Einblendung vor Ober\u00f6sterreich Heute und am Samstag den 24. wird im ORF unter Ober\u00f6sterreich heute ein Vorgeschmack der 3 Betriebe bezogen auf unser Genussspechtln gesendet.<\/p>\n<p>Gewiss haben wir Ihr Interesse f\u00fcr diese Veranstaltung schon geweckt und auch Sie werden am 26. Oktober bei diesem\u00a0Wandertag\u00a0unsere Heimat und unsere Betriebe kennenlernen.<\/p>\n<p>Bei uns am Hof wird der Innenhof unter dem Thema Kunst stehen,\u00a0 Gem\u00fcseschnitzweltmeister lassen sich auf die Finger schauen und es werden K\u00fcnstler der Gemeinde und Umgebung vertreten sein . Der bekannte Harfenist Jona Pesendorfer wird nachmittags mit seiner Konzertharfe f\u00fcr Kunstgenuss sorgen<\/p>\n<p>Das angrenzende Zelt sorgt f\u00fcr Heurigenflair, es werden Direktvermarkter der Gemeinde ausstellen, es gibt K\u00f6stliches vom Gem\u00fcse, aber es gibt auch traditionelle Hausmannskost (Gulasch, Blunzengr\u00f6stl..<\/p>\n<p>Die Schlatter B\u00e4uerinnen versorgen uns mit Pofesen und Heurigenbrote.<\/p>\n<p>Volkstanz der Gruppe Landlerpass steht am Programm und Hermann mit Kollegen sorgt f\u00fcr Heurigenstimmung.<\/p>\n<p>Genauere Infos erhalten Sie unter www.genussspechtln.at,<\/p>\n<p>wir freuen uns auf Ihren Besuch!!<\/p>\n<p>&nbsp;<\/p>\n<p>Familie Niedermaier mit Team<\/p>\n<p>&nbsp;<\/p>\n","protected":false},"excerpt":{"rendered":"<p>Das letzte Rennen der Vorbereitungszeit f\u00fcr unser schon ober\u00f6sterreichweit bekanntes GenussSpechtln! Sicher haben Sie schon die Beitr\u00e4ge in der Kronenzeitung bzw. Bezirksrundschau gelesen, n\u00e4chste Woche l\u00e4uft die Werbekampagne mit dem ORf\u00a0 t\u00e4glich als kurze Einblendung vor Ober\u00f6sterreich Heute und am Samstag den 24. wird im ORF unter Ober\u00f6sterreich heute ein Vorgeschmack der 3 Betriebe bezogen [&hellip;]<\/p>\n","protected":false},"author":1,"featured_media":0,"comment_status":"open","ping_status":"closed","sticky":false,"template":"","format":"standard","meta":{"footnotes":""},"categories":[1],"tags":[],"_links":{"self":[{"href":"http:\/\/www.gemuese-kuerbis-hof.at\/index.php?rest_route=\/wp\/v2\/posts\/315"}],"collection":[{"href":"http:\/\/www.gemuese-kuerbis-hof.at\/index.php?rest_route=\/wp\/v2\/posts"}],"about":[{"href":"http:\/\/www.gemuese-kuerbis-hof.at\/index.php?rest_route=\/wp\/v2\/types\/post"}],"author":[{"embeddable":true,"href":"http:\/\/www.gemuese-kuerbis-hof.at\/index.php?rest_route=\/wp\/v2\/users\/1"}],"replies":[{"embeddable":true,"href":"http:\/\/www.gemuese-kuerbis-hof.at\/index.php?rest_route=%2Fwp%2Fv2%2Fcomments&post=315"}],"version-history":[{"count":1,"href":"http:\/\/www.gemuese-kuerbis-hof.at\/index.php?rest_route=\/wp\/v2\/posts\/315\/revisions"}],"predecessor-version":[{"id":322,"href":"http:\/\/www.gemuese-kuerbis-hof.at\/index.php?rest_route=\/wp\/v2\/posts\/315\/revisions\/322"}],"wp:attachment":[{"href":"http:\/\/www.gemuese-kuerbis-hof.at\/index.php?rest_route=%2Fwp%2Fv2%2Fmedia&parent=315"}],"wp:term":[{"taxonomy":"category","embeddable":true,"href":"http:\/\/www.gemuese-kuerbis-hof.at\/index.php?rest_route=%2Fwp%2Fv2%2Fcategories&post=315"},{"taxonomy":"post_tag","embeddable":true,"href":"http:\/\/www.gemuese-kuerbis-hof.at\/index.php?rest_route=%2Fwp%2Fv2%2Ftags&post=315"}],"curies":[{"name":"wp","href":"https:\/\/api.w.org\/{rel}","templated":true}]}}