{"id":324,"date":"2015-10-29T13:48:14","date_gmt":"2015-10-29T11:48:14","guid":{"rendered":"http:\/\/www.gemuese-kuerbis-hof.at\/?p=324"},"modified":"2015-10-29T14:04:58","modified_gmt":"2015-10-29T12:04:58","slug":"liebe-genussspechtler","status":"publish","type":"post","link":"http:\/\/www.gemuese-kuerbis-hof.at\/?p=324","title":{"rendered":"Liebe &#8222;GenussSpechtler&#8220; !"},"content":{"rendered":"<p>Herzlichen Dank f\u00fcr Ihren Besuch am Gem\u00fcsehof beim GenussSpechtln!!<br \/>\n<br \/>\nGewiss konnten Sie den H\u00f6rgenuss der Harfenmusik, Sehgenuss von verschiedensten Gem\u00fcsedekorationen, Gaumengenuss von k\u00f6stlichen Gerichten und edlen Getr\u00e4nken und Kunstgenuss im Hof so richtig aufsaugen.<br \/>\nFalls es Ihnen aber nicht m\u00f6glich war, diese Veranstaltung zu besuchen, k\u00f6nnen Sie <a style=\"text-decoration: underline;\" title=\"hier\" href=\"http:\/\/www.cityfoto.at\/galerie\/11533\/\" target=\"_blank\">hier<\/a> virtuell an diesem Fest teilnehmen.<br \/>\n<br \/>\nGerne sind wir auch f\u00fcr Ihr &#8222;Feedback&#8220; per <a style=\"text-decoration: underline;\" href=\"mailto:f.niedermaier@aon.at\">Mail<\/a> oder per <a style=\"text-decoration: underline;\" title=\"Kontaktformular\" href=\"http:\/\/www.gemuese-kuerbis-hof.at\/?page_id=8\" target=\"_blank\">Kontaktformular<\/a> \u00a0dankbar, falls Sie uns positive, bzw. verbesserungsw\u00fcrdige Vorschl\u00e4ge mitteilen m\u00f6chten.<br \/>\n<br \/>\nDanke nochmals,<br \/>\nIhre Gem\u00fcseb\u00e4uerin Maria Niedermaier<\/p>\n","protected":false},"excerpt":{"rendered":"<p>Herzlichen Dank f\u00fcr Ihren Besuch am Gem\u00fcsehof beim GenussSpechtln!! Gewiss konnten Sie den H\u00f6rgenuss der Harfenmusik, Sehgenuss von verschiedensten Gem\u00fcsedekorationen, Gaumengenuss von k\u00f6stlichen Gerichten und edlen Getr\u00e4nken und Kunstgenuss im Hof so richtig aufsaugen. Falls es Ihnen aber nicht m\u00f6glich war, diese Veranstaltung zu besuchen, k\u00f6nnen Sie hier virtuell an diesem Fest teilnehmen. Gerne sind [&hellip;]<\/p>\n","protected":false},"author":1,"featured_media":0,"comment_status":"open","ping_status":"closed","sticky":false,"template":"","format":"standard","meta":{"footnotes":""},"categories":[1],"tags":[],"_links":{"self":[{"href":"http:\/\/www.gemuese-kuerbis-hof.at\/index.php?rest_route=\/wp\/v2\/posts\/324"}],"collection":[{"href":"http:\/\/www.gemuese-kuerbis-hof.at\/index.php?rest_route=\/wp\/v2\/posts"}],"about":[{"href":"http:\/\/www.gemuese-kuerbis-hof.at\/index.php?rest_route=\/wp\/v2\/types\/post"}],"author":[{"embeddable":true,"href":"http:\/\/www.gemuese-kuerbis-hof.at\/index.php?rest_route=\/wp\/v2\/users\/1"}],"replies":[{"embeddable":true,"href":"http:\/\/www.gemuese-kuerbis-hof.at\/index.php?rest_route=%2Fwp%2Fv2%2Fcomments&post=324"}],"version-history":[{"count":1,"href":"http:\/\/www.gemuese-kuerbis-hof.at\/index.php?rest_route=\/wp\/v2\/posts\/324\/revisions"}],"predecessor-version":[{"id":327,"href":"http:\/\/www.gemuese-kuerbis-hof.at\/index.php?rest_route=\/wp\/v2\/posts\/324\/revisions\/327"}],"wp:attachment":[{"href":"http:\/\/www.gemuese-kuerbis-hof.at\/index.php?rest_route=%2Fwp%2Fv2%2Fmedia&parent=324"}],"wp:term":[{"taxonomy":"category","embeddable":true,"href":"http:\/\/www.gemuese-kuerbis-hof.at\/index.php?rest_route=%2Fwp%2Fv2%2Fcategories&post=324"},{"taxonomy":"post_tag","embeddable":true,"href":"http:\/\/www.gemuese-kuerbis-hof.at\/index.php?rest_route=%2Fwp%2Fv2%2Ftags&post=324"}],"curies":[{"name":"wp","href":"https:\/\/api.w.org\/{rel}","templated":true}]}}