{"id":332,"date":"2015-12-05T19:39:26","date_gmt":"2015-12-05T17:39:26","guid":{"rendered":"http:\/\/www.gemuese-kuerbis-hof.at\/?p=332"},"modified":"2015-12-05T19:39:26","modified_gmt":"2015-12-05T17:39:26","slug":"liebe-gemusehofladen-und-bauernmarktkunden","status":"publish","type":"post","link":"http:\/\/www.gemuese-kuerbis-hof.at\/?p=332","title":{"rendered":"Liebe Gem\u00fcsehofladen-und Bauernmarktkunden!"},"content":{"rendered":"<p>Wie Sie als Kunde sicherlich schon festgestellt haben, ist momentan Dank der fr\u00fchlingshaften Temperaturen die Produktpalette noch sehr reichhaltig, es gibt noch s\u00e4mtliches Blattsalatangebote, Karfiol und Romanesco, Radieschen aber auch noch frische Kr\u00e4uter. Nat\u00fcrlich geh\u00f6rt das Wurzel- und Kohlgem\u00fcse zu unserer Standardpalette, aber auch schon die beliebten Halm-oder Wasserr\u00fcben sind bereits bei uns erh\u00e4ltlich. <\/p>\n<p>Nun es es bei uns schon wieder an der Zeit, die Planung f\u00fcr das kommende Jahr zu \u00fcberlegen, es wird jetzt s\u00e4mtliches Saatgut in Auftrag gegeben und ich bin nat\u00fcrlich schon wieder motiviert, Neues zu probieren.<\/p>\n<p>Vorher wollen wir nat\u00fcrlich traditionell wieder ein wenig Pause machen, deshalb haben wir den ganzen J\u00e4nner den Hofladen geschlossen, doch am Bauernmarkt Regau sind wir auch im J\u00e4nner vertreten.<\/p>\n<p>Bis Anfang April 2016 wird von uns der Bauernmarkt in Schwanenstadt nicht best\u00fcckt, doch in dieser Zeit haben wir zus\u00e4tzlich zu unseren \u00d6ffnungszeiten auch am Samstag vormittag den Hofladen ge\u00f6ffnet.<\/p>\n<p>Weihnachts\u00f6ffnungszeit  21.u.22.Dez. 9-13Uhr u. am Mi. abends 17-19Uhr (statt Donnerstag) <\/p>\n<p>Weiters m\u00f6chte ich Ihnen schon verraten, dass aufgrund des Erfolges unserer ersten Veranstaltung &#8222;GenussSpechtln&#8220; diese am 26. Oktober wieder stattfinden wird.<\/p>\n<p>Ich w\u00fcnsche Ihnen eine besinnliche Adventzeit, ein frohes Weihnachtsfest und ein vitaminreiches Jahr 2016<\/p>\n<p>Ihre Gem\u00fcseb\u00e4uerin Maria Niedermaier<\/p>\n","protected":false},"excerpt":{"rendered":"<p>Wie Sie als Kunde sicherlich schon festgestellt haben, ist momentan Dank der fr\u00fchlingshaften Temperaturen die Produktpalette noch sehr reichhaltig, es gibt noch s\u00e4mtliches Blattsalatangebote, Karfiol und Romanesco, Radieschen aber auch noch frische Kr\u00e4uter. Nat\u00fcrlich geh\u00f6rt das Wurzel- und Kohlgem\u00fcse zu unserer Standardpalette, aber auch schon die beliebten Halm-oder Wasserr\u00fcben sind bereits bei uns erh\u00e4ltlich. Nun [&hellip;]<\/p>\n","protected":false},"author":1,"featured_media":0,"comment_status":"open","ping_status":"closed","sticky":false,"template":"","format":"standard","meta":{"footnotes":""},"categories":[1],"tags":[],"_links":{"self":[{"href":"http:\/\/www.gemuese-kuerbis-hof.at\/index.php?rest_route=\/wp\/v2\/posts\/332"}],"collection":[{"href":"http:\/\/www.gemuese-kuerbis-hof.at\/index.php?rest_route=\/wp\/v2\/posts"}],"about":[{"href":"http:\/\/www.gemuese-kuerbis-hof.at\/index.php?rest_route=\/wp\/v2\/types\/post"}],"author":[{"embeddable":true,"href":"http:\/\/www.gemuese-kuerbis-hof.at\/index.php?rest_route=\/wp\/v2\/users\/1"}],"replies":[{"embeddable":true,"href":"http:\/\/www.gemuese-kuerbis-hof.at\/index.php?rest_route=%2Fwp%2Fv2%2Fcomments&post=332"}],"version-history":[{"count":0,"href":"http:\/\/www.gemuese-kuerbis-hof.at\/index.php?rest_route=\/wp\/v2\/posts\/332\/revisions"}],"wp:attachment":[{"href":"http:\/\/www.gemuese-kuerbis-hof.at\/index.php?rest_route=%2Fwp%2Fv2%2Fmedia&parent=332"}],"wp:term":[{"taxonomy":"category","embeddable":true,"href":"http:\/\/www.gemuese-kuerbis-hof.at\/index.php?rest_route=%2Fwp%2Fv2%2Fcategories&post=332"},{"taxonomy":"post_tag","embeddable":true,"href":"http:\/\/www.gemuese-kuerbis-hof.at\/index.php?rest_route=%2Fwp%2Fv2%2Ftags&post=332"}],"curies":[{"name":"wp","href":"https:\/\/api.w.org\/{rel}","templated":true}]}}