{"id":337,"date":"2016-05-04T02:34:51","date_gmt":"2016-05-04T00:34:51","guid":{"rendered":"http:\/\/www.gemuese-kuerbis-hof.at\/?p=337"},"modified":"2016-05-04T02:34:51","modified_gmt":"2016-05-04T00:34:51","slug":"lieber-gemusehofladen-u-bauernmarktkunden","status":"publish","type":"post","link":"http:\/\/www.gemuese-kuerbis-hof.at\/?p=337","title":{"rendered":"Lieber Gem\u00fcsehofladen-u. Bauernmarktkunden!"},"content":{"rendered":"<p>Wir haben im Mai an den 2 Donnerstagfeiertagen jeweils am Mittwoch davor    von 17-19 Uhr den Hofladenverkauf.<\/p>\n<p>Es w\u00e4chst und gedeiht in unseren Folientunnels und auch mit der Freilandernte ist schon begonnen worden. S\u00e4mtliche Salate, Kohlrabi, Fenchel ,Radieschen, frischer Knoblauch und Spinat lassen den Fr\u00fchling so richtig zum Gaumengenuss werden.<br \/>\nNun ist es auch Zeit, Ihre Fruchtgem\u00fcsesorten wie Tomaten, Gurken und Paprika auszupflanzen.<br \/>\nMit dem Eferdinger Spargel erg\u00e4nzen wir unser Hoflladensortiment und k\u00f6nnen Sie sich k\u00f6stlicher Spargelrezepte erfreuen.<\/p>\n<p>Ihre Gem\u00fcseb\u00e4uerin<br \/>\nMaria Niedermaier<\/p>\n","protected":false},"excerpt":{"rendered":"<p>Wir haben im Mai an den 2 Donnerstagfeiertagen jeweils am Mittwoch davor von 17-19 Uhr den Hofladenverkauf. Es w\u00e4chst und gedeiht in unseren Folientunnels und auch mit der Freilandernte ist schon begonnen worden. S\u00e4mtliche Salate, Kohlrabi, Fenchel ,Radieschen, frischer Knoblauch und Spinat lassen den Fr\u00fchling so richtig zum Gaumengenuss werden. Nun ist es auch Zeit, [&hellip;]<\/p>\n","protected":false},"author":1,"featured_media":0,"comment_status":"open","ping_status":"closed","sticky":false,"template":"","format":"standard","meta":{"footnotes":""},"categories":[1],"tags":[],"_links":{"self":[{"href":"http:\/\/www.gemuese-kuerbis-hof.at\/index.php?rest_route=\/wp\/v2\/posts\/337"}],"collection":[{"href":"http:\/\/www.gemuese-kuerbis-hof.at\/index.php?rest_route=\/wp\/v2\/posts"}],"about":[{"href":"http:\/\/www.gemuese-kuerbis-hof.at\/index.php?rest_route=\/wp\/v2\/types\/post"}],"author":[{"embeddable":true,"href":"http:\/\/www.gemuese-kuerbis-hof.at\/index.php?rest_route=\/wp\/v2\/users\/1"}],"replies":[{"embeddable":true,"href":"http:\/\/www.gemuese-kuerbis-hof.at\/index.php?rest_route=%2Fwp%2Fv2%2Fcomments&post=337"}],"version-history":[{"count":0,"href":"http:\/\/www.gemuese-kuerbis-hof.at\/index.php?rest_route=\/wp\/v2\/posts\/337\/revisions"}],"wp:attachment":[{"href":"http:\/\/www.gemuese-kuerbis-hof.at\/index.php?rest_route=%2Fwp%2Fv2%2Fmedia&parent=337"}],"wp:term":[{"taxonomy":"category","embeddable":true,"href":"http:\/\/www.gemuese-kuerbis-hof.at\/index.php?rest_route=%2Fwp%2Fv2%2Fcategories&post=337"},{"taxonomy":"post_tag","embeddable":true,"href":"http:\/\/www.gemuese-kuerbis-hof.at\/index.php?rest_route=%2Fwp%2Fv2%2Ftags&post=337"}],"curies":[{"name":"wp","href":"https:\/\/api.w.org\/{rel}","templated":true}]}}