{"id":339,"date":"2016-10-09T12:33:08","date_gmt":"2016-10-09T10:33:08","guid":{"rendered":"http:\/\/www.gemuese-kuerbis-hof.at\/?p=339"},"modified":"2016-10-09T12:33:16","modified_gmt":"2016-10-09T10:33:16","slug":"liebe-gemusehofladen-und-bauernmarktkunden-liebe-genussspechtler-2","status":"publish","type":"post","link":"http:\/\/www.gemuese-kuerbis-hof.at\/?p=339","title":{"rendered":"Liebe Gem\u00fcsehofladen- und Bauernmarktkunden! Liebe Genussspechtler!"},"content":{"rendered":"<p>Wie Sie sicher schon aus den Medien erfahren haben, findet auch heuer wieder das im Vorjahr gestartete &#8222;Genussspechtln&#8220; rundum Schwanenstadt statt.<br \/>\nUnter dem Motto  GENIESSEN-BEWEGEN-HEIMAT ERLEBEN k\u00f6nnen Sie am Nationalfeiertag, dem 26. Oktober 2016 ab 9Uhr  an b\u00e4uerlichen, aber auch gewerblichen Betrieben um Schwanenstadt so wahre GenussMomente erleben und den Charme unserer Heimat so richtig wahrnehmen. Infos unter www.genussspechtln.at<\/p>\n<p>Bei uns am Gem\u00fcsehof haben Sie die M\u00f6glichkeit, den Wandertag mit einem k\u00f6stlichen Fr\u00fchst\u00fcck aus der Region zu starten.<br \/>\nWeiters verw\u00f6hnen wir Sie ganzt\u00e4gig   mit frisch gepressten S\u00e4ften, Weinen und Sturm , Kaffee und Tee .  Gaumfenfreuden wie K\u00fcrbiscremesuppe, Schnitzerl, Salate, Zuckermais sowie Spechtlburger und ein Br\u00f6tchenbuffet . Zu Mittag ein  Pfannenbuffet vom Catering Gruber aus Gunskirchen lassen diesen Tag zum wahren kulinarischen Genuss werden.<\/p>\n<p>Die B\u00e4uerinnen aus Schlatt werden mit einem Kuchenbuffet und frisch gebackenen Pofesen den Nachtisch bereitstellen.<\/p>\n<p>Folgende Direktvermarkter aus der Region k\u00f6nnen Sie an einem Genussstandl besuchen:<br \/>\nFam. Humer           iegenprodukte<br \/>\nFam. Grausgruber     Lammprodukte<br \/>\nFam. Neuhuber        Tee- und Gew\u00fcrze<br \/>\nFam. Schmalwieser    Schn\u00e4pse und Lik\u00f6re, Whisky<br \/>\nFam. Steinhuber      Schn\u00e4pse und Lik\u00f6re<\/p>\n<p>Der \u00fcberdachte Innenhof als Hofcafe sowie das beheizte Zelt und  der Picknickplatz unter Weiden laden ein, am Gem\u00fcsehof so richtig gem\u00fctlich zu verweilen<\/p>\n<p>Erst Maier mit seinen Wildholzm\u00f6beln und Herr Baumgartner mit seinen Schwemmholzdekos zeigen an diesem Tag ihre Handwerksk\u00fcnste.<\/p>\n<p>Unser Motto des Tages ist &#8220; 10JAHRE SALZKAMMERGUT GEM\u00dcSEKISTE&#8220;<br \/>\nLassen Sie sich von der Qualit\u00e4t dieses Produktes \u00fcberzeugen und erleben Sie hautnah das Bef\u00fcllen dieser Gem\u00fcsekiste.<\/p>\n<p>Weiters bieten wir als Rahmenprogramm einen Gem\u00fcseschnitzweltmeister, Sushi-Workshops, Schuhplattler, Modellflugshow, Ponnyreiten, H\u00fcpfburg sowie auch eine \u00d6lk\u00fcrbisernte mit dem K\u00fcrbisvollernter an.<\/p>\n<p>Sie haben auch die M\u00f6glichkeit, mit dem Kauf von Losen( per Stk. 2.&#8211;) tolle Preise zu gewinnen.<\/p>\n<p>Genauere Infos entnehmen Sie dem Folder bzw. k\u00f6nnen Sie auf unserer Homepage einen Film vom Vorjahr &#8222;Genussspechtln 2015&#8220;  runterladen.<\/p>\n<p>Wir freuen uns auf Ihren Besuch!!!<br \/>\nFamilie Niedermaier<\/p>\n","protected":false},"excerpt":{"rendered":"<p>Wie Sie sicher schon aus den Medien erfahren haben, findet auch heuer wieder das im Vorjahr gestartete &#8222;Genussspechtln&#8220; rundum Schwanenstadt statt. Unter dem Motto GENIESSEN-BEWEGEN-HEIMAT ERLEBEN k\u00f6nnen Sie am Nationalfeiertag, dem 26. Oktober 2016 ab 9Uhr an b\u00e4uerlichen, aber auch gewerblichen Betrieben um Schwanenstadt so wahre GenussMomente erleben und den Charme unserer Heimat so richtig [&hellip;]<\/p>\n","protected":false},"author":1,"featured_media":0,"comment_status":"open","ping_status":"closed","sticky":false,"template":"","format":"standard","meta":{"footnotes":""},"categories":[1],"tags":[],"_links":{"self":[{"href":"http:\/\/www.gemuese-kuerbis-hof.at\/index.php?rest_route=\/wp\/v2\/posts\/339"}],"collection":[{"href":"http:\/\/www.gemuese-kuerbis-hof.at\/index.php?rest_route=\/wp\/v2\/posts"}],"about":[{"href":"http:\/\/www.gemuese-kuerbis-hof.at\/index.php?rest_route=\/wp\/v2\/types\/post"}],"author":[{"embeddable":true,"href":"http:\/\/www.gemuese-kuerbis-hof.at\/index.php?rest_route=\/wp\/v2\/users\/1"}],"replies":[{"embeddable":true,"href":"http:\/\/www.gemuese-kuerbis-hof.at\/index.php?rest_route=%2Fwp%2Fv2%2Fcomments&post=339"}],"version-history":[{"count":0,"href":"http:\/\/www.gemuese-kuerbis-hof.at\/index.php?rest_route=\/wp\/v2\/posts\/339\/revisions"}],"wp:attachment":[{"href":"http:\/\/www.gemuese-kuerbis-hof.at\/index.php?rest_route=%2Fwp%2Fv2%2Fmedia&parent=339"}],"wp:term":[{"taxonomy":"category","embeddable":true,"href":"http:\/\/www.gemuese-kuerbis-hof.at\/index.php?rest_route=%2Fwp%2Fv2%2Fcategories&post=339"},{"taxonomy":"post_tag","embeddable":true,"href":"http:\/\/www.gemuese-kuerbis-hof.at\/index.php?rest_route=%2Fwp%2Fv2%2Ftags&post=339"}],"curies":[{"name":"wp","href":"https:\/\/api.w.org\/{rel}","templated":true}]}}