{"id":354,"date":"2017-05-05T03:32:13","date_gmt":"2017-05-05T01:32:13","guid":{"rendered":"http:\/\/www.gemuese-kuerbis-hof.at\/?p=354"},"modified":"2017-05-05T03:32:22","modified_gmt":"2017-05-05T01:32:22","slug":"liebe-gemusehofladen-und-bauernmarktkunden-2","status":"publish","type":"post","link":"http:\/\/www.gemuese-kuerbis-hof.at\/?p=354","title":{"rendered":"Liebe Gem\u00fcsehofladen- und Bauernmarktkunden!"},"content":{"rendered":"<p>Die doch noch recht feuchtk\u00fchle Witterung l\u00e4\u00dft das Freilandgem\u00fcse doch eher z\u00f6gerlich wachsen, doch da wir einen Gro\u00dfteil der Felder mit Flies abgedeckt haben, gibt es neben dem Folienhausgem\u00fcse auch schon jede Menge Feldgem\u00fcse.<br \/>\nUnsere derzeitige Produktpalette umfasst s\u00e4mtliche Salate, Ruccola und Asia, Kohlrabi und Fenchel, Porree und Jungzwiebel.<br \/>\nNat\u00fcrlich gibt es auch schon Spargel in H\u00fclle und F\u00fclle von unserem Spargelbauer in Eferding.<\/p>\n<p>Unser Anzuchthaus ist best\u00fcckt mit ganz vielen verschiedenen Paprika- und Tomatensorten, nat\u00fcrlich gibt es bei uns  auch das Gem\u00fcse des Jahres- &#8222;der freche Fritzi&#8220; (Physalis), aber auch Artischoken, Wassermelonen, K\u00fcrbisse, Gem\u00fcsezwiebeln, uvm&#8230;<\/p>\n<p>Ab Mitte Mai kann man diese Fruchtgem\u00fcsesorten ganz ins Freie pflanzen, jetzt sollte man gewisse Sorten doch noch mit Vlies abdecken um sie vor den Eisheiligen zu sch\u00fctzen.<\/p>\n<p>\u00d6ffnungszeiteninfo: Falls unser Abendverkauf v. 17-19Uhr am Donnerstag auf einen Feiertag f\u00e4llt, haben wir immer stattdessen Mittwoch abends ge\u00f6ffnet!!<\/p>\n<p>Ein recht erfolgreiches Gartenjahr w\u00fcnscht Ihnen<br \/>\nIhre Gem\u00fcseb\u00e4uerin Maria Niedermaier<\/p>\n","protected":false},"excerpt":{"rendered":"<p>Die doch noch recht feuchtk\u00fchle Witterung l\u00e4\u00dft das Freilandgem\u00fcse doch eher z\u00f6gerlich wachsen, doch da wir einen Gro\u00dfteil der Felder mit Flies abgedeckt haben, gibt es neben dem Folienhausgem\u00fcse auch schon jede Menge Feldgem\u00fcse. Unsere derzeitige Produktpalette umfasst s\u00e4mtliche Salate, Ruccola und Asia, Kohlrabi und Fenchel, Porree und Jungzwiebel. Nat\u00fcrlich gibt es auch schon Spargel [&hellip;]<\/p>\n","protected":false},"author":1,"featured_media":0,"comment_status":"open","ping_status":"closed","sticky":false,"template":"","format":"standard","meta":{"footnotes":""},"categories":[1],"tags":[],"_links":{"self":[{"href":"http:\/\/www.gemuese-kuerbis-hof.at\/index.php?rest_route=\/wp\/v2\/posts\/354"}],"collection":[{"href":"http:\/\/www.gemuese-kuerbis-hof.at\/index.php?rest_route=\/wp\/v2\/posts"}],"about":[{"href":"http:\/\/www.gemuese-kuerbis-hof.at\/index.php?rest_route=\/wp\/v2\/types\/post"}],"author":[{"embeddable":true,"href":"http:\/\/www.gemuese-kuerbis-hof.at\/index.php?rest_route=\/wp\/v2\/users\/1"}],"replies":[{"embeddable":true,"href":"http:\/\/www.gemuese-kuerbis-hof.at\/index.php?rest_route=%2Fwp%2Fv2%2Fcomments&post=354"}],"version-history":[{"count":0,"href":"http:\/\/www.gemuese-kuerbis-hof.at\/index.php?rest_route=\/wp\/v2\/posts\/354\/revisions"}],"wp:attachment":[{"href":"http:\/\/www.gemuese-kuerbis-hof.at\/index.php?rest_route=%2Fwp%2Fv2%2Fmedia&parent=354"}],"wp:term":[{"taxonomy":"category","embeddable":true,"href":"http:\/\/www.gemuese-kuerbis-hof.at\/index.php?rest_route=%2Fwp%2Fv2%2Fcategories&post=354"},{"taxonomy":"post_tag","embeddable":true,"href":"http:\/\/www.gemuese-kuerbis-hof.at\/index.php?rest_route=%2Fwp%2Fv2%2Ftags&post=354"}],"curies":[{"name":"wp","href":"https:\/\/api.w.org\/{rel}","templated":true}]}}