{"id":360,"date":"2018-01-04T11:03:51","date_gmt":"2018-01-04T09:03:51","guid":{"rendered":"http:\/\/www.gemuese-kuerbis-hof.at\/?p=360"},"modified":"2018-01-04T11:04:09","modified_gmt":"2018-01-04T09:04:09","slug":"lieber-gemusehofladen-und-bauernmarktkunde","status":"publish","type":"post","link":"http:\/\/www.gemuese-kuerbis-hof.at\/?p=360","title":{"rendered":"Lieber Gem\u00fcsehofladen-und Bauernmarktkunde!"},"content":{"rendered":"<p>Wir w\u00fcnschen Ihnen ein vitaminreiches Jahr 2018, bedanken uns gleichzeitig f\u00fcr Ihre Kundentreue und freuen uns auf ein Wiedersehen am 12.1. am Bauernmarkt in Regau.<br \/>\nWir machen Urlaub und tanken Energie f\u00fcr die kommende Gem\u00fcsesaison, der Hofladen ist ab Donnerstag, 1.2.2018  17-19Uhr ge\u00f6ffnet. Ab diesem Zeitpunkt gelten wieder die aktuellen \u00d6ffnungszeiten mit zus\u00e4tzlich Samstag vomittags, bis wir wieder den Bauernmarkt Schwanenenstadt beschicken (31.3.)<\/p>\n<p>Zufriedenheit, Gesundheit und viel Freude f\u00fcr 2018<br \/>\nw\u00fcnschen Familie Niedermaier<\/p>\n","protected":false},"excerpt":{"rendered":"<p>Wir w\u00fcnschen Ihnen ein vitaminreiches Jahr 2018, bedanken uns gleichzeitig f\u00fcr Ihre Kundentreue und freuen uns auf ein Wiedersehen am 12.1. am Bauernmarkt in Regau. Wir machen Urlaub und tanken Energie f\u00fcr die kommende Gem\u00fcsesaison, der Hofladen ist ab Donnerstag, 1.2.2018 17-19Uhr ge\u00f6ffnet. Ab diesem Zeitpunkt gelten wieder die aktuellen \u00d6ffnungszeiten mit zus\u00e4tzlich Samstag vomittags, [&hellip;]<\/p>\n","protected":false},"author":1,"featured_media":0,"comment_status":"open","ping_status":"closed","sticky":false,"template":"","format":"standard","meta":{"footnotes":""},"categories":[1],"tags":[],"_links":{"self":[{"href":"http:\/\/www.gemuese-kuerbis-hof.at\/index.php?rest_route=\/wp\/v2\/posts\/360"}],"collection":[{"href":"http:\/\/www.gemuese-kuerbis-hof.at\/index.php?rest_route=\/wp\/v2\/posts"}],"about":[{"href":"http:\/\/www.gemuese-kuerbis-hof.at\/index.php?rest_route=\/wp\/v2\/types\/post"}],"author":[{"embeddable":true,"href":"http:\/\/www.gemuese-kuerbis-hof.at\/index.php?rest_route=\/wp\/v2\/users\/1"}],"replies":[{"embeddable":true,"href":"http:\/\/www.gemuese-kuerbis-hof.at\/index.php?rest_route=%2Fwp%2Fv2%2Fcomments&post=360"}],"version-history":[{"count":0,"href":"http:\/\/www.gemuese-kuerbis-hof.at\/index.php?rest_route=\/wp\/v2\/posts\/360\/revisions"}],"wp:attachment":[{"href":"http:\/\/www.gemuese-kuerbis-hof.at\/index.php?rest_route=%2Fwp%2Fv2%2Fmedia&parent=360"}],"wp:term":[{"taxonomy":"category","embeddable":true,"href":"http:\/\/www.gemuese-kuerbis-hof.at\/index.php?rest_route=%2Fwp%2Fv2%2Fcategories&post=360"},{"taxonomy":"post_tag","embeddable":true,"href":"http:\/\/www.gemuese-kuerbis-hof.at\/index.php?rest_route=%2Fwp%2Fv2%2Ftags&post=360"}],"curies":[{"name":"wp","href":"https:\/\/api.w.org\/{rel}","templated":true}]}}