{"id":368,"date":"2018-10-24T07:10:08","date_gmt":"2018-10-24T05:10:08","guid":{"rendered":"http:\/\/www.gemuese-kuerbis-hof.at\/?p=368"},"modified":"2018-10-24T07:10:08","modified_gmt":"2018-10-24T05:10:08","slug":"lieber-gemusehofladen-und-bauernmarktkunde-liebe-genussspechtler","status":"publish","type":"post","link":"http:\/\/www.gemuese-kuerbis-hof.at\/?p=368","title":{"rendered":"Lieber Gem\u00fcsehofladen- und Bauernmarktkunde, liebe Genussspechtler!"},"content":{"rendered":"<p>Kommendes Wochenende gibt es das bereits allseits beliebte 3. Genussspechtln, genaues Programm finden Sie unter www.genussspechtln.at<\/p>\n<p>Weiters findet am n\u00e4chsten Tag ein Fr\u00fchschoppen mit Grillbuffet und  Hof\u00fcbergabe(ca.11Uhr) statt. Anbieter des Regauer Bauernmarktes laden ein, sich f\u00fcr das Wochendende mit k\u00f6stlichen b\u00e4uerlichen Produkten aus der Region zu versorgen.<br \/>\nDer Hofladen ist an beiden Tagen ge\u00f6ffnet, und es gibt auch die M\u00f6glichkeit hinter die Kulissen in die Folienh\u00e4user zu sehen.<\/p>\n<p>Wir laden zu dieser Veranstaltung ganz herzlich ein und freuen uns ganz besonders auf Ihr\/Euer Kommen!!<\/p>\n<p>Familie Niedermaier und Familie Moritz<\/p>\n","protected":false},"excerpt":{"rendered":"<p>Kommendes Wochenende gibt es das bereits allseits beliebte 3. Genussspechtln, genaues Programm finden Sie unter www.genussspechtln.at Weiters findet am n\u00e4chsten Tag ein Fr\u00fchschoppen mit Grillbuffet und Hof\u00fcbergabe(ca.11Uhr) statt. Anbieter des Regauer Bauernmarktes laden ein, sich f\u00fcr das Wochendende mit k\u00f6stlichen b\u00e4uerlichen Produkten aus der Region zu versorgen. Der Hofladen ist an beiden Tagen ge\u00f6ffnet, und [&hellip;]<\/p>\n","protected":false},"author":1,"featured_media":0,"comment_status":"open","ping_status":"closed","sticky":false,"template":"","format":"standard","meta":{"footnotes":""},"categories":[1],"tags":[],"_links":{"self":[{"href":"http:\/\/www.gemuese-kuerbis-hof.at\/index.php?rest_route=\/wp\/v2\/posts\/368"}],"collection":[{"href":"http:\/\/www.gemuese-kuerbis-hof.at\/index.php?rest_route=\/wp\/v2\/posts"}],"about":[{"href":"http:\/\/www.gemuese-kuerbis-hof.at\/index.php?rest_route=\/wp\/v2\/types\/post"}],"author":[{"embeddable":true,"href":"http:\/\/www.gemuese-kuerbis-hof.at\/index.php?rest_route=\/wp\/v2\/users\/1"}],"replies":[{"embeddable":true,"href":"http:\/\/www.gemuese-kuerbis-hof.at\/index.php?rest_route=%2Fwp%2Fv2%2Fcomments&post=368"}],"version-history":[{"count":0,"href":"http:\/\/www.gemuese-kuerbis-hof.at\/index.php?rest_route=\/wp\/v2\/posts\/368\/revisions"}],"wp:attachment":[{"href":"http:\/\/www.gemuese-kuerbis-hof.at\/index.php?rest_route=%2Fwp%2Fv2%2Fmedia&parent=368"}],"wp:term":[{"taxonomy":"category","embeddable":true,"href":"http:\/\/www.gemuese-kuerbis-hof.at\/index.php?rest_route=%2Fwp%2Fv2%2Fcategories&post=368"},{"taxonomy":"post_tag","embeddable":true,"href":"http:\/\/www.gemuese-kuerbis-hof.at\/index.php?rest_route=%2Fwp%2Fv2%2Ftags&post=368"}],"curies":[{"name":"wp","href":"https:\/\/api.w.org\/{rel}","templated":true}]}}